{"id":80171,"date":"2016-01-25T18:09:41","date_gmt":"2016-01-25T20:09:41","guid":{"rendered":"http:\/\/www.redenoticia.com.br\/noticia\/?p=80171"},"modified":"2016-01-25T18:09:41","modified_gmt":"2016-01-25T20:09:41","slug":"emprego-na-industria-recua-04-em-novembro-e-alcanca-11a-queda-consecutiva","status":"publish","type":"post","link":"https:\/\/www.redenoticia.com.br\/noticia\/2016\/emprego-na-industria-recua-04-em-novembro-e-alcanca-11a-queda-consecutiva\/80171","title":{"rendered":"Emprego na ind\u00fastria recua 0,4% em novembro e alcan\u00e7a 11\u00aa queda consecutiva"},"content":{"rendered":"<p> O total de <strong><em>pessoal ocupado na ind\u00fastria<\/em><\/strong> recuou 0,4% na passagem de outubro para novembro de 2015, marcando a 11\u00aa queda consecutiva do emprego industrial neste tipo de compara\u00e7\u00e3o. Os postos de trabalho nesse setor da economia ca\u00edram 7,2% em rela\u00e7\u00e3o a novembro de 2014, o 50\u00ba resultado negativo, segundo a Pesquisa Industrial Mensal de Emprego e Sal\u00e1rio (Pimes), do Instituto Brasileiro de Geografia e Estat\u00edstica (IBGE).<\/p>\n<p> O emprego industrial tamb\u00e9m acumulou perdas de 6% nos 11 primeiros meses do ano e 5,9% no per\u00edodo de 12 meses. A queda acumulada em 12 meses (-5,9%) \u00e9 a mais intensa da s\u00e9rie hist\u00f3rica do indicador, iniciada em 2001.<\/p>\n<p>Os outros dois indicadores da pesquisa tamb\u00e9m apresentaram quedas nos quatro tipos de compara\u00e7\u00e3o temporal, em novembro de 2015. O n\u00famero de horas pagas para os trabalhadores da ind\u00fastria recuou 0,2% na compara\u00e7\u00e3o com outubro de 2015, 7,7% em rela\u00e7\u00e3o a novembro de 2014, 6,6% no acumulado do ano e 6,5% no acumulado de 12 meses.<\/p>\n<p>Pagamento<\/p>\n<p>A folha de pagamento real caiu 2,2% na compara\u00e7\u00e3o com outubro de 2015, 10,6% na compara\u00e7\u00e3o com novembro de 2014, 7,5% no acumulado do ano e 7,1% no acumulado de 12 meses.<\/p>\n<p> Vitor Abdala \u2013 Rep\u00f3rter da Ag\u00eancia Brasil<br \/>\nEdi\u00e7\u00e3o: Talita Cavalcante<br \/>\n25\/01\/2016<\/p>\n","protected":false},"excerpt":{"rendered":"<p>O total de pessoal ocupado na ind\u00fastria recuou 0,4% na passagem de outubro para novembro de 2015, marcando a 11\u00aa queda consecutiva do emprego industrial neste tipo de compara\u00e7\u00e3o. Os postos de trabalho nesse setor da economia ca\u00edram 7,2% em rela\u00e7\u00e3o a novembro de 2014, o 50\u00ba resultado negativo, segundo a Pesquisa Industrial Mensal de [&hellip;]<\/p>\n","protected":false},"author":2,"featured_media":57585,"comment_status":"open","ping_status":"closed","sticky":false,"template":"","format":"standard","meta":{"_genesis_hide_title":false,"_genesis_hide_breadcrumbs":false,"_genesis_hide_singular_image":false,"_genesis_hide_footer_widgets":false,"_genesis_custom_body_class":"","_genesis_custom_post_class":"","_genesis_layout":"","_jetpack_memberships_contains_paid_content":false,"footnotes":""},"categories":[22,7],"tags":[],"class_list":{"0":"post-80171","1":"post","2":"type-post","3":"status-publish","4":"format-standard","5":"has-post-thumbnail","7":"category-brasil","8":"category-economia","9":"entry","10":"gs-1","11":"gs-odd","12":"gs-even","13":"gs-featured-content-entry"},"jetpack_featured_media_url":"https:\/\/www.redenoticia.com.br\/noticia\/imagens\/analise-economia.jpg","jetpack_sharing_enabled":true,"jetpack_likes_enabled":true,"_links":{"self":[{"href":"https:\/\/www.redenoticia.com.br\/noticia\/wp-json\/wp\/v2\/posts\/80171","targetHints":{"allow":["GET"]}}],"collection":[{"href":"https:\/\/www.redenoticia.com.br\/noticia\/wp-json\/wp\/v2\/posts"}],"about":[{"href":"https:\/\/www.redenoticia.com.br\/noticia\/wp-json\/wp\/v2\/types\/post"}],"author":[{"embeddable":true,"href":"https:\/\/www.redenoticia.com.br\/noticia\/wp-json\/wp\/v2\/users\/2"}],"replies":[{"embeddable":true,"href":"https:\/\/www.redenoticia.com.br\/noticia\/wp-json\/wp\/v2\/comments?post=80171"}],"version-history":[{"count":0,"href":"https:\/\/www.redenoticia.com.br\/noticia\/wp-json\/wp\/v2\/posts\/80171\/revisions"}],"wp:featuredmedia":[{"embeddable":true,"href":"https:\/\/www.redenoticia.com.br\/noticia\/wp-json\/wp\/v2\/media\/57585"}],"wp:attachment":[{"href":"https:\/\/www.redenoticia.com.br\/noticia\/wp-json\/wp\/v2\/media?parent=80171"}],"wp:term":[{"taxonomy":"category","embeddable":true,"href":"https:\/\/www.redenoticia.com.br\/noticia\/wp-json\/wp\/v2\/categories?post=80171"},{"taxonomy":"post_tag","embeddable":true,"href":"https:\/\/www.redenoticia.com.br\/noticia\/wp-json\/wp\/v2\/tags?post=80171"}],"curies":[{"name":"wp","href":"https:\/\/api.w.org\/{rel}","templated":true}]}}