{"id":80167,"date":"2016-01-25T18:06:41","date_gmt":"2016-01-25T20:06:41","guid":{"rendered":"http:\/\/www.redenoticia.com.br\/noticia\/?p=80167"},"modified":"2016-01-25T18:06:41","modified_gmt":"2016-01-25T20:06:41","slug":"previa-da-inflacao-oficial-varia-092-em-janeiro-influenciada-por-alimentos","status":"publish","type":"post","link":"https:\/\/www.redenoticia.com.br\/noticia\/2016\/previa-da-inflacao-oficial-varia-092-em-janeiro-influenciada-por-alimentos\/80167","title":{"rendered":"Pr\u00e9via da infla\u00e7\u00e3o oficial varia 0,92% em janeiro influenciada por alimentos"},"content":{"rendered":"<p> A pr\u00e9via do \u00cdndice Nacional de Pre\u00e7os ao Consumidor Amplo (<strong><em>IPCA-15<\/em><\/strong>) em 2016 teve varia\u00e7\u00e3o de 0,92% em janeiro, divulgou o Instituto Brasileiro de Geografia e Estat\u00edstica (IBGE).<\/p>\n<p>Em dezembro do ano passado, o IPCA-15 teve varia\u00e7\u00e3o de 1,18%, o maior resultado para meses de dezembro desde 2002. Em janeiro de 2015, a pr\u00e9via da infla\u00e7\u00e3o ficou em 0,89%.<\/p>\n<p>Com o resultado, a taxa acumulada em 12 meses ficou em 10,74%. De janeiro a dezembro de 2015, a pr\u00e9via acumulou uma varia\u00e7\u00e3o de 10,71%.<\/p>\n<p>O indicador \u00e9 chamado IPCA-15 porque mede a varia\u00e7\u00e3o de pre\u00e7os entre os dias 15 do m\u00eas anterior e do m\u00eas de refer\u00eancia.<\/p>\n<p>Alimentos<\/p>\n<p>O grupo alimenta\u00e7\u00e3o e bebidas foi o que apresentou a maior infla\u00e7\u00e3o no primeiro indicador deste ano, ao variar 1,67%. A oscila\u00e7\u00e3o de pre\u00e7os, no entanto, desacelerou em rela\u00e7\u00e3o a dezembro, quando estava em 2,02%.<\/p>\n<p>Os tr\u00eas alimentos que tiveram as maiores altas nos pre\u00e7os s\u00e3o muito presentes na mesa do brasileiro: a cenoura (23,94%), o tomate (20,19%) e a cebola (15,07%).<\/p>\n<p>O movimento de desacelera\u00e7\u00e3o da alta de pre\u00e7os tamb\u00e9m ocorreu na habita\u00e7\u00e3o (de 0,69% para 0,57%), nos artigos de resid\u00eancia (de 0,60% para 0,48%), no vestu\u00e1rio ( de 0,73% para 0,49%), nos transportes (1,76% para 0,87%), educa\u00e7\u00e3o (0,32% para 0,28%) e comunica\u00e7\u00e3o (0,87% para 0,11%).<\/p>\n<p>A infla\u00e7\u00e3o registrou alta apenas nos grupos sa\u00fade e cuidados pessoais, de 0,61% para 0,66%, e despesas pessoais, de 0,56% para 1%.<\/p>\n<p>Transportes<\/p>\n<p>O aumento das tarifas de \u00f4nibus urbanos em algumas capitais brasileiras como S\u00e3o Paulo e Salvador puxou para cima a infla\u00e7\u00e3o sobre o grupo transportes. A varia\u00e7\u00e3o para os transportes p\u00fablicos foi de 1,12%, acima dos 0,87% registrados no grupo. Para os \u00f4nibus urbanos, a taxa foi de 1,92%.<\/p>\n<p>T\u00e1xis (1,47%) e \u00f4nibus intermunicipais (2,65%) tamb\u00e9m ficaram acima do \u00edndice geral do grupo. Os combust\u00edveis foram o componente de maior impacto no \u00edndice, com uma infla\u00e7\u00e3o de 1,26%.<\/p>\n<p>Pesou para que o \u00edndice desacelerasse a queda da infla\u00e7\u00e3o para as passagens a\u00e9reas, que sa\u00edram de uma alta de 36,54% em dezembro para uma queda de 5,79% em janeiro.<\/p>\n<p>Despesas pessoais<\/p>\n<p>Entre as despesas pessoais, as maiores varia\u00e7\u00f5es na infla\u00e7\u00e3o vieram de excurs\u00e3o (7,07%), manicure, (2,17%) e cigarro (1,51%).<\/p>\n<p>Nos estados<\/p>\n<p>Com a divulga\u00e7\u00e3o do IPCA-15 de janeiro, a regi\u00e3o de Curitiba \u00e9 a que mais acumula alta de pre\u00e7os, com 12,27% de infla\u00e7\u00e3o em 12 meses. Apesar disso, a capital paranaense teve desacelera\u00e7\u00e3o entre dezembro e janeiro \u2013 o \u00edndice de 1,29% caiu para 0,53%.<\/p>\n<p>No indicador mensal, a maior infla\u00e7\u00e3o foi registrada em Fortaleza, com 1,20%. Na capital do Cear\u00e1, houve desacelera\u00e7\u00e3o em rela\u00e7\u00e3o a dezembro, quando a taxa foi de 1,37%.<\/p>\n<p>Belo Horizonte \u00e9 a capital pesquisada que acumula a menor infla\u00e7\u00e3o em 12 meses, de 9,33%. Diferentemente da maioria das cidades, a capital mineira n\u00e3o teve desacelera\u00e7\u00e3o e repetiu em janeiro o \u00edndice de dezembro, de 0,79%.<\/p>\n<p>Com peso de 31,68% no indicador nacional, S\u00e3o Paulo teve desacelera\u00e7\u00e3o, de 0,99% para 0,95%, e acumula 11,05% de infla\u00e7\u00e3o em 12 meses, acima da m\u00e9dia do Brasil, de 10,74%.<\/p>\n<p> Vin\u00edcius Lisboa &#8211; Rep\u00f3rter da Ag\u00eancia Brasil<br \/>\nEdi\u00e7\u00e3o: Talita Cavalcante<br \/>\n25\/01\/2016<\/p>\n","protected":false},"excerpt":{"rendered":"<p>A pr\u00e9via do \u00cdndice Nacional de Pre\u00e7os ao Consumidor Amplo (IPCA-15) em 2016 teve varia\u00e7\u00e3o de 0,92% em janeiro, divulgou o Instituto Brasileiro de Geografia e Estat\u00edstica (IBGE). Em dezembro do ano passado, o IPCA-15 teve varia\u00e7\u00e3o de 1,18%, o maior resultado para meses de dezembro desde 2002. Em janeiro de 2015, a pr\u00e9via da [&hellip;]<\/p>\n","protected":false},"author":2,"featured_media":34916,"comment_status":"open","ping_status":"closed","sticky":false,"template":"","format":"standard","meta":{"_genesis_hide_title":false,"_genesis_hide_breadcrumbs":false,"_genesis_hide_singular_image":false,"_genesis_hide_footer_widgets":false,"_genesis_custom_body_class":"","_genesis_custom_post_class":"","_genesis_layout":"","_jetpack_memberships_contains_paid_content":false,"footnotes":""},"categories":[22,7],"tags":[],"class_list":{"0":"post-80167","1":"post","2":"type-post","3":"status-publish","4":"format-standard","5":"has-post-thumbnail","7":"category-brasil","8":"category-economia","9":"entry","10":"gs-1","11":"gs-odd","12":"gs-even","13":"gs-featured-content-entry"},"jetpack_featured_media_url":"https:\/\/www.redenoticia.com.br\/noticia\/imagens\/inflacao.jpg","jetpack_sharing_enabled":true,"jetpack_likes_enabled":true,"_links":{"self":[{"href":"https:\/\/www.redenoticia.com.br\/noticia\/wp-json\/wp\/v2\/posts\/80167","targetHints":{"allow":["GET"]}}],"collection":[{"href":"https:\/\/www.redenoticia.com.br\/noticia\/wp-json\/wp\/v2\/posts"}],"about":[{"href":"https:\/\/www.redenoticia.com.br\/noticia\/wp-json\/wp\/v2\/types\/post"}],"author":[{"embeddable":true,"href":"https:\/\/www.redenoticia.com.br\/noticia\/wp-json\/wp\/v2\/users\/2"}],"replies":[{"embeddable":true,"href":"https:\/\/www.redenoticia.com.br\/noticia\/wp-json\/wp\/v2\/comments?post=80167"}],"version-history":[{"count":0,"href":"https:\/\/www.redenoticia.com.br\/noticia\/wp-json\/wp\/v2\/posts\/80167\/revisions"}],"wp:featuredmedia":[{"embeddable":true,"href":"https:\/\/www.redenoticia.com.br\/noticia\/wp-json\/wp\/v2\/media\/34916"}],"wp:attachment":[{"href":"https:\/\/www.redenoticia.com.br\/noticia\/wp-json\/wp\/v2\/media?parent=80167"}],"wp:term":[{"taxonomy":"category","embeddable":true,"href":"https:\/\/www.redenoticia.com.br\/noticia\/wp-json\/wp\/v2\/categories?post=80167"},{"taxonomy":"post_tag","embeddable":true,"href":"https:\/\/www.redenoticia.com.br\/noticia\/wp-json\/wp\/v2\/tags?post=80167"}],"curies":[{"name":"wp","href":"https:\/\/api.w.org\/{rel}","templated":true}]}}