{"id":80045,"date":"2016-01-22T07:58:22","date_gmt":"2016-01-22T09:58:22","guid":{"rendered":"http:\/\/www.redenoticia.com.br\/noticia\/?p=80045"},"modified":"2016-01-21T17:02:21","modified_gmt":"2016-01-21T19:02:21","slug":"atividade-economica-tem-continua-e-intensa-piora-mostra-monitor-do-pib-da-fgv","status":"publish","type":"post","link":"https:\/\/www.redenoticia.com.br\/noticia\/2016\/atividade-economica-tem-continua-e-intensa-piora-mostra-monitor-do-pib-da-fgv\/80045","title":{"rendered":"Atividade econ\u00f4mica tem \u201ccont\u00ednua e intensa piora\u201d, mostra Monitor do PIB da FGV"},"content":{"rendered":"<p> O <strong><em>Produto Interno Bruto<\/em><\/strong> (PIB) brasileiro vem sofrendo reflexos de uma \u201ccont\u00ednua e intensa piora\u201d da atividade econ\u00f4mica, ao registrar queda de 3,2% entre dezembro de 2014 e o mesmo m\u00eas de 2015 \u2013 o chamado acumulado no ano. O dado foi divulgado pela Funda\u00e7\u00e3o Getulio Vargas (FGV), que lan\u00e7ou o Monitor do PIB. O indicador se prop\u00f5e a antecipar previs\u00f5es para o principal term\u00f4metro da economia brasileira, o PIB (soma das riquezas do pa\u00eds), calculado de forma oficial pelo Instituto Brasileiro de Geografia e Estat\u00edstica (IBGE) e divulgado a cada tr\u00eas meses..<\/p>\n<p>O Monitor do PIB tamb\u00e9m mostra que o crescimento da economia caiu 5,2%, no trimestre que vai de setembro a novembro do ano passado, e 5,3% entre novembro e outubro. Nas contas do Instituto Brasileiro de Economia da FGV, respons\u00e1vel pelo indicador, foi a pior queda desde setembro (-5,7) e o quarto trimestre seguido de recuo na compara\u00e7\u00e3o com os tr\u00eas meses anteriores.<\/p>\n<p>O \u00faltimo dado divulgado pelo governo mostra retra\u00e7\u00e3o no terceiro trimestre de 2015, de 1,7% em rela\u00e7\u00e3o ao mesmo per\u00edodo anterior. No acumulado entre setembro de 2014 e setembro de 2015, o dado mais recente do IBGE aponta uma queda de 2,5 do PIB do ano passado.<\/p>\n<p>Novo indicador<\/p>\n<p>Ao lan\u00e7ar o indicador, a FGV explica que o objetivo \u00e9 antecipar tend\u00eancias, oferecendo dados mensais sobre o PIB com a mesma metodologia do IBGE. A s\u00e9rie usada re\u00fane informa\u00e7\u00f5es desde 2000 e \u00e9 ajustada \u00e0 medida que o \u00f3rg\u00e3o oficial divulga as proje\u00e7\u00f5es para a economia.<\/p>\n<p>Atividades pesquisadas<\/p>\n<p>Segundo a FGV, das 12 atividades que comp\u00f5em o PIB, sete estavam em queda at\u00e9 o m\u00eas de refer\u00eancia da pesquisa, novembro. O destaque s\u00e3o os setores de transforma\u00e7\u00e3o e constru\u00e7\u00e3o, com as retra\u00e7\u00f5es mais acentuadas, de 9,1% e de 8,2%, afetados pela queda do consumo.<\/p>\n<p>\u201cCom a queda do consumo das fam\u00edlias [de 2,9% em 12 meses], a compra de bens dur\u00e1veis \u2013 televis\u00e3o e geladeira \u2013 cai\u201d, explica o respons\u00e1vel pela pesquisa, Claudio Considera. \u201cGrande parte desse consumo \u00e9 financi\u00e1vel, depende das pessoas, quando a taxa de juros come\u00e7a aumentar, as pessoas compram menos. Tem [a quest\u00e3o] da renda menor tamb\u00e9m por causa da infla\u00e7\u00e3o e perspectiva de desemprego, que tamb\u00e9m influenciam\u201d, completou.<\/p>\n<p>Outra raz\u00e3o para o desaquecimento da economia \u00e9 a recess\u00e3o dos investimentos. A Forma\u00e7\u00e3o Bruta de Capital Fixo est\u00e1 negativa desde agosto de 2014 e caiu 13% nos 12 meses encerrados em novembro. As exporta\u00e7\u00f5es, por outro lado, subiram 0,1% na mesma compara\u00e7\u00e3o.<\/p>\n<p>De acordo com Claudio Considera, a proje\u00e7\u00e3o da FGV \u00e9 de que o PIB de 2015 tenha uma queda de 3,7% e de 3% em 2016, o que resulta, segundo ele, tamb\u00e9m de incertezas no pa\u00eds. \u201cO maior problema do Brasil hoje diz respeito ao futuro, \u00e0s incertezas da economia. Uma hora se diz uma coisa, mas se faz outra, se faz uma coisa e se diz outra\u201d, criticou. \u201cO pa\u00eds n\u00e3o est\u00e1 fazendo as reformas necess\u00e1rias para chegar ao equil\u00edbrio fiscal\u201d, acrescentou.<\/p>\n<p>Ele defende que o pa\u00eds desenvolva um amplo programa de concess\u00f5es e privatiza\u00e7\u00f5es para atrair investimentos. \u201c\u00c9 preciso substituir o setor p\u00fablico pelo privado\u201d.<\/p>\n<p> Isabela Vieira &#8211; Rep\u00f3rter da Ag\u00eancia Brasil<br \/>\nEdi\u00e7\u00e3o: Talita Cavalcante<br \/>\n22\/01\/2016<\/p>\n","protected":false},"excerpt":{"rendered":"<p>O Produto Interno Bruto (PIB) brasileiro vem sofrendo reflexos de uma \u201ccont\u00ednua e intensa piora\u201d da atividade econ\u00f4mica, ao registrar queda de 3,2% entre dezembro de 2014 e o mesmo m\u00eas de 2015 \u2013 o chamado acumulado no ano. O dado foi divulgado pela Funda\u00e7\u00e3o Getulio Vargas (FGV), que lan\u00e7ou o Monitor do PIB. O [&hellip;]<\/p>\n","protected":false},"author":2,"featured_media":57583,"comment_status":"open","ping_status":"closed","sticky":false,"template":"","format":"standard","meta":{"_genesis_hide_title":false,"_genesis_hide_breadcrumbs":false,"_genesis_hide_singular_image":false,"_genesis_hide_footer_widgets":false,"_genesis_custom_body_class":"","_genesis_custom_post_class":"","_genesis_layout":"","_jetpack_memberships_contains_paid_content":false,"footnotes":""},"categories":[22,7],"tags":[],"class_list":{"0":"post-80045","1":"post","2":"type-post","3":"status-publish","4":"format-standard","5":"has-post-thumbnail","7":"category-brasil","8":"category-economia","9":"entry","10":"gs-1","11":"gs-odd","12":"gs-even","13":"gs-featured-content-entry"},"jetpack_featured_media_url":"https:\/\/www.redenoticia.com.br\/noticia\/imagens\/economia-grafico.jpg","jetpack_sharing_enabled":true,"jetpack_likes_enabled":true,"_links":{"self":[{"href":"https:\/\/www.redenoticia.com.br\/noticia\/wp-json\/wp\/v2\/posts\/80045","targetHints":{"allow":["GET"]}}],"collection":[{"href":"https:\/\/www.redenoticia.com.br\/noticia\/wp-json\/wp\/v2\/posts"}],"about":[{"href":"https:\/\/www.redenoticia.com.br\/noticia\/wp-json\/wp\/v2\/types\/post"}],"author":[{"embeddable":true,"href":"https:\/\/www.redenoticia.com.br\/noticia\/wp-json\/wp\/v2\/users\/2"}],"replies":[{"embeddable":true,"href":"https:\/\/www.redenoticia.com.br\/noticia\/wp-json\/wp\/v2\/comments?post=80045"}],"version-history":[{"count":0,"href":"https:\/\/www.redenoticia.com.br\/noticia\/wp-json\/wp\/v2\/posts\/80045\/revisions"}],"wp:featuredmedia":[{"embeddable":true,"href":"https:\/\/www.redenoticia.com.br\/noticia\/wp-json\/wp\/v2\/media\/57583"}],"wp:attachment":[{"href":"https:\/\/www.redenoticia.com.br\/noticia\/wp-json\/wp\/v2\/media?parent=80045"}],"wp:term":[{"taxonomy":"category","embeddable":true,"href":"https:\/\/www.redenoticia.com.br\/noticia\/wp-json\/wp\/v2\/categories?post=80045"},{"taxonomy":"post_tag","embeddable":true,"href":"https:\/\/www.redenoticia.com.br\/noticia\/wp-json\/wp\/v2\/tags?post=80045"}],"curies":[{"name":"wp","href":"https:\/\/api.w.org\/{rel}","templated":true}]}}