{"id":80012,"date":"2016-01-21T07:34:03","date_gmt":"2016-01-21T09:34:03","guid":{"rendered":"http:\/\/www.redenoticia.com.br\/noticia\/?p=80012"},"modified":"2016-01-20T19:45:17","modified_gmt":"2016-01-20T21:45:17","slug":"muda-regra-para-brasileiros-nao-residentes-no-brasil-pagarem-ir","status":"publish","type":"post","link":"https:\/\/www.redenoticia.com.br\/noticia\/2016\/muda-regra-para-brasileiros-nao-residentes-no-brasil-pagarem-ir\/80012","title":{"rendered":"Muda regra para brasileiros n\u00e3o residentes no Brasil pagarem IR"},"content":{"rendered":"<p> A Receita Federal esclareceu como deve ser o procedimento para definir a incid\u00eancia do <strong><em>Imposto de Renda<\/em><\/strong> sobre as aplica\u00e7\u00f5es financeiras de pessoas f\u00edsicas que, em algum momento, ganharam a condi\u00e7\u00e3o de n\u00e3o residentes no pa\u00eds, mas retornaram ao Brasil.<\/p>\n<p>Segundo a Receita, a explica\u00e7\u00e3o foi necess\u00e1ria porque houve casos de pessoas f\u00edsicas residentes no Brasil que, para gozar do regime especial de tributa\u00e7\u00e3o dos estrangeiros, apresentaram a Comunica\u00e7\u00e3o de Sa\u00edda Definitiva do pa\u00eds \u00e0s institui\u00e7\u00f5es financeiras que eram suas respons\u00e1veis tribut\u00e1rias, sem apresent\u00e1-la tamb\u00e9m \u00e0 Receita Federal.<\/p>\n<p>Segundo a Receita, agindo assim, os contribuintes aproveitaram-se das isen\u00e7\u00f5es concedidas a estrangeiros e evitaram a incid\u00eancia do Imposto de Renda sobre os ganhos obtidos em aplica\u00e7\u00f5es financeiras. O regime especial de tributa\u00e7\u00e3o dos estrangeiros permite benef\u00edcios como isen\u00e7\u00e3o nas aplica\u00e7\u00f5es em bolsa e em t\u00edtulos p\u00fablicos, por exemplo.<\/p>\n<p>Para resolver a situa\u00e7\u00e3o, o \u00f3rg\u00e3o explicou que s\u00f3 haver\u00e1 direito ao regime especial no caso de apresenta\u00e7\u00e3o da Comunica\u00e7\u00e3o de Sa\u00edda Definitiva do Pa\u00eds que tenha sido entregue \u00e0 Receita. Tamb\u00e9m \u00e9 necess\u00e1rio o pagamento do imposto incidente sobre os rendimentos obtidos at\u00e9 o dia anterior ao da aquisi\u00e7\u00e3o da condi\u00e7\u00e3o de n\u00e3o residente. A decis\u00e3o foi publicada no Di\u00e1rio Oficial da Uni\u00e3o.<\/p>\n<p> Da Ag\u00eancia Brasil<br \/>\nEdi\u00e7\u00e3o: Beto Coura<br \/>\n21\/01\/2016<\/p>\n","protected":false},"excerpt":{"rendered":"<p>A Receita Federal esclareceu como deve ser o procedimento para definir a incid\u00eancia do Imposto de Renda sobre as aplica\u00e7\u00f5es financeiras de pessoas f\u00edsicas que, em algum momento, ganharam a condi\u00e7\u00e3o de n\u00e3o residentes no pa\u00eds, mas retornaram ao Brasil. Segundo a Receita, a explica\u00e7\u00e3o foi necess\u00e1ria porque houve casos de pessoas f\u00edsicas residentes no [&hellip;]<\/p>\n","protected":false},"author":2,"featured_media":23889,"comment_status":"open","ping_status":"closed","sticky":false,"template":"","format":"standard","meta":{"_genesis_hide_title":false,"_genesis_hide_breadcrumbs":false,"_genesis_hide_singular_image":false,"_genesis_hide_footer_widgets":false,"_genesis_custom_body_class":"","_genesis_custom_post_class":"","_genesis_layout":"","_jetpack_memberships_contains_paid_content":false,"footnotes":""},"categories":[22,7],"tags":[],"class_list":{"0":"post-80012","1":"post","2":"type-post","3":"status-publish","4":"format-standard","5":"has-post-thumbnail","7":"category-brasil","8":"category-economia","9":"entry","10":"gs-1","11":"gs-odd","12":"gs-even","13":"gs-featured-content-entry"},"jetpack_featured_media_url":"https:\/\/www.redenoticia.com.br\/noticia\/imagens\/receita-federal-irpf-2010.jpg","jetpack_sharing_enabled":true,"jetpack_likes_enabled":true,"_links":{"self":[{"href":"https:\/\/www.redenoticia.com.br\/noticia\/wp-json\/wp\/v2\/posts\/80012","targetHints":{"allow":["GET"]}}],"collection":[{"href":"https:\/\/www.redenoticia.com.br\/noticia\/wp-json\/wp\/v2\/posts"}],"about":[{"href":"https:\/\/www.redenoticia.com.br\/noticia\/wp-json\/wp\/v2\/types\/post"}],"author":[{"embeddable":true,"href":"https:\/\/www.redenoticia.com.br\/noticia\/wp-json\/wp\/v2\/users\/2"}],"replies":[{"embeddable":true,"href":"https:\/\/www.redenoticia.com.br\/noticia\/wp-json\/wp\/v2\/comments?post=80012"}],"version-history":[{"count":0,"href":"https:\/\/www.redenoticia.com.br\/noticia\/wp-json\/wp\/v2\/posts\/80012\/revisions"}],"wp:featuredmedia":[{"embeddable":true,"href":"https:\/\/www.redenoticia.com.br\/noticia\/wp-json\/wp\/v2\/media\/23889"}],"wp:attachment":[{"href":"https:\/\/www.redenoticia.com.br\/noticia\/wp-json\/wp\/v2\/media?parent=80012"}],"wp:term":[{"taxonomy":"category","embeddable":true,"href":"https:\/\/www.redenoticia.com.br\/noticia\/wp-json\/wp\/v2\/categories?post=80012"},{"taxonomy":"post_tag","embeddable":true,"href":"https:\/\/www.redenoticia.com.br\/noticia\/wp-json\/wp\/v2\/tags?post=80012"}],"curies":[{"name":"wp","href":"https:\/\/api.w.org\/{rel}","templated":true}]}}