{"id":80008,"date":"2016-01-21T07:35:43","date_gmt":"2016-01-21T09:35:43","guid":{"rendered":"http:\/\/www.redenoticia.com.br\/noticia\/?p=80008"},"modified":"2016-01-20T19:39:13","modified_gmt":"2016-01-20T21:39:13","slug":"empresarios-pedem-ao-confaz-revisao-de-novas-regras-sobre-o-icms","status":"publish","type":"post","link":"https:\/\/www.redenoticia.com.br\/noticia\/2016\/empresarios-pedem-ao-confaz-revisao-de-novas-regras-sobre-o-icms\/80008","title":{"rendered":"Empres\u00e1rios pedem ao Confaz revis\u00e3o de novas regras sobre o ICMS"},"content":{"rendered":"<p> O presidente do Servi\u00e7o de Apoio \u00e0 Micro e Pequena Empresa (Sebrae), Guilherme Afif Domingos, entregou \u00e0 \u00e1rea t\u00e9cnica do Conselho Nacional de Pol\u00edtica Fazend\u00e1ria (Confaz) documento do Sebrae e mais 11 entidades representativas do com\u00e9rcio e da ind\u00fastria defendendo altera\u00e7\u00f5es nas novas regras para o Imposto sobre Circula\u00e7\u00e3o de Mercadorias e Servi\u00e7os (<strong><em>ICMS<\/em><\/strong>).<\/p>\n<p>Segundo novo modelo, aprovado por meio de emenda \u00e0 Constitui\u00e7\u00e3o, em vigor desde 1\u00b0 de janeiro deste ano, os impostos estaduais das mercadorias compradas em outro estado passam a ser repartidos entre os locais de origem e de destino do bem. Posteriormente, um conv\u00eanio do Confaz determinou como funcionaria o recolhimento na pr\u00e1tica. Para o setor privado, entretanto, essa regulamenta\u00e7\u00e3o tornou o processo burocr\u00e1tico e prejudicou principalmente as pequenas empresas.<\/p>\n<p> O Confaz \u00e9 um colegiado que re\u00fane secret\u00e1rios de Fazenda de todas as unidades da Federa\u00e7\u00e3o e \u00e9 presidido pelo ministro da Fazenda, Nelson Barbosa. O documento preparado pelas entidades foi entregue a Marcelo Ramos de Mello, presidente da Comiss\u00e3o T\u00e9cnica Permanente do ICMS dentro do Confaz. Segundo Afif Domingos, ele se comprometeu a convocar uma reuni\u00e3o para debater o assunto.<\/p>\n<p>De acordo com Afif Domingos, no caso espec\u00edfico das micro e pequenas empresas, no entanto, as entidades recorrer\u00e3o ao Supremo Tribunal Federal (STF) independentemente de uma reuni\u00e3o no Confaz. \u201cIsso tem que ser para j\u00e1. Enxergamos que houve uma flagrante inconstitucionalidade [na inclus\u00e3o dessas empresas no conv\u00eanio]. A interpreta\u00e7\u00e3o que deram \u00e9 que [o conv\u00eanio] alcan\u00e7a a todos, e a Constitui\u00e7\u00e3o determina um tratamento diferenciado \u00e0 micro e \u00e0 pequena empresa, consagrado pela Lei Complementar 123\u201d, afirmou o presidente do Sebrae.<\/p>\n<p>Entre os pontos criticados pelos empres\u00e1rios como burocr\u00e1ticos est\u00e1, por exemplo, o fato de as empresas serem obrigadas a obter inscri\u00e7\u00e3o no cadastro fiscal de cada estado para o qual v\u00e3o vender seus produtos, apresentando inclusive documenta\u00e7\u00e3o. \u201c[A mudan\u00e7a nas regras] via Confaz \u00e9 um processo longo, mas as empresas maiores t\u00eam mais estrutura para aguentar o tranco burocr\u00e1tico\u201d, disse Afif.<\/p>\n<p>Al\u00e9m do Sebrae, assinam o pedido entregue ao Confaz as confedera\u00e7\u00f5es Nacional do Com\u00e9rcio, Bens, Servi\u00e7os e Turismo (CNC); das Associa\u00e7\u00f5es Comerciais e Empresariais do Brasil (CACB); Nacional de Dirigentes Lojistas (CNDL) e Nacional da Ind\u00fastria (CNI); a Federa\u00e7\u00e3o Nacional das Empresas de Servi\u00e7os Cont\u00e1beis e de Assessoramento, Per\u00edcias, Informa\u00e7\u00f5es e Pesquisas (Fenacon); as associa\u00e7\u00f5es Brasileira de Automa\u00e7\u00e3o Comercial (Afrac); Brasileira de Com\u00e9rcio Eletr\u00f4nico (ABComm); Comercial do Rio de Janeiro (ACRJ) e Comercial de S\u00e3o Paulo (ACSP); a C\u00e2mara Brasileira de Com\u00e9rcio Eletr\u00f4nico (Camara-e-net) e o Sindicato das Empresas de Servi\u00e7os Cont\u00e1beis, Assessoramento, Per\u00edcias, Informa\u00e7\u00f5es e Pesquisas (Sescon-SP).<\/p>\n<p> Mariana Branco \u2013 Rep\u00f3rter da Ag\u00eancia Brasil<br \/>\nEdi\u00e7\u00e3o: N\u00e1dia Franco<br \/>\n21\/01\/2016<\/p>\n","protected":false},"excerpt":{"rendered":"<p>O presidente do Servi\u00e7o de Apoio \u00e0 Micro e Pequena Empresa (Sebrae), Guilherme Afif Domingos, entregou \u00e0 \u00e1rea t\u00e9cnica do Conselho Nacional de Pol\u00edtica Fazend\u00e1ria (Confaz) documento do Sebrae e mais 11 entidades representativas do com\u00e9rcio e da ind\u00fastria defendendo altera\u00e7\u00f5es nas novas regras para o Imposto sobre Circula\u00e7\u00e3o de Mercadorias e Servi\u00e7os (ICMS). Segundo [&hellip;]<\/p>\n","protected":false},"author":2,"featured_media":38938,"comment_status":"open","ping_status":"closed","sticky":false,"template":"","format":"standard","meta":{"_genesis_hide_title":false,"_genesis_hide_breadcrumbs":false,"_genesis_hide_singular_image":false,"_genesis_hide_footer_widgets":false,"_genesis_custom_body_class":"","_genesis_custom_post_class":"","_genesis_layout":"","_jetpack_memberships_contains_paid_content":false,"footnotes":""},"categories":[22,7],"tags":[],"class_list":{"0":"post-80008","1":"post","2":"type-post","3":"status-publish","4":"format-standard","5":"has-post-thumbnail","7":"category-brasil","8":"category-economia","9":"entry","10":"gs-1","11":"gs-odd","12":"gs-even","13":"gs-featured-content-entry"},"jetpack_featured_media_url":"https:\/\/www.redenoticia.com.br\/noticia\/imagens\/economia1.jpg","jetpack_sharing_enabled":true,"jetpack_likes_enabled":true,"_links":{"self":[{"href":"https:\/\/www.redenoticia.com.br\/noticia\/wp-json\/wp\/v2\/posts\/80008","targetHints":{"allow":["GET"]}}],"collection":[{"href":"https:\/\/www.redenoticia.com.br\/noticia\/wp-json\/wp\/v2\/posts"}],"about":[{"href":"https:\/\/www.redenoticia.com.br\/noticia\/wp-json\/wp\/v2\/types\/post"}],"author":[{"embeddable":true,"href":"https:\/\/www.redenoticia.com.br\/noticia\/wp-json\/wp\/v2\/users\/2"}],"replies":[{"embeddable":true,"href":"https:\/\/www.redenoticia.com.br\/noticia\/wp-json\/wp\/v2\/comments?post=80008"}],"version-history":[{"count":0,"href":"https:\/\/www.redenoticia.com.br\/noticia\/wp-json\/wp\/v2\/posts\/80008\/revisions"}],"wp:featuredmedia":[{"embeddable":true,"href":"https:\/\/www.redenoticia.com.br\/noticia\/wp-json\/wp\/v2\/media\/38938"}],"wp:attachment":[{"href":"https:\/\/www.redenoticia.com.br\/noticia\/wp-json\/wp\/v2\/media?parent=80008"}],"wp:term":[{"taxonomy":"category","embeddable":true,"href":"https:\/\/www.redenoticia.com.br\/noticia\/wp-json\/wp\/v2\/categories?post=80008"},{"taxonomy":"post_tag","embeddable":true,"href":"https:\/\/www.redenoticia.com.br\/noticia\/wp-json\/wp\/v2\/tags?post=80008"}],"curies":[{"name":"wp","href":"https:\/\/api.w.org\/{rel}","templated":true}]}}