{"id":79959,"date":"2016-01-20T07:32:34","date_gmt":"2016-01-20T09:32:34","guid":{"rendered":"http:\/\/www.redenoticia.com.br\/noticia\/?p=79959"},"modified":"2016-01-19T20:12:27","modified_gmt":"2016-01-19T22:12:27","slug":"nova-lei-de-sp-proibe-comercio-de-exigir-valor-minimo-para-compras-com-cartao","status":"publish","type":"post","link":"https:\/\/www.redenoticia.com.br\/noticia\/2016\/nova-lei-de-sp-proibe-comercio-de-exigir-valor-minimo-para-compras-com-cartao\/79959","title":{"rendered":"Nova Lei de SP pro\u00edbe com\u00e9rcio de exigir valor m\u00ednimo para compras com cart\u00e3o"},"content":{"rendered":"<p> O governador Geraldo Alckmin sancionou o Projeto de Lei (PL) n\u00ba 752\/2011 que pro\u00edbe os estabelecimentos comerciais de exigirem <strong><em>valor m\u00ednimo para compras com cart\u00e3o<\/em><\/strong> de cr\u00e9dito ou d\u00e9bito.<\/p>\n<p> O estabelecimento que n\u00e3o cumprir a nova legisla\u00e7\u00e3o poder\u00e1 ser multado e, em alguns casos, ter suspens\u00e3o tempor\u00e1ria da atividade e interven\u00e7\u00f5es administrativas aplicadas pela Funda\u00e7\u00e3o de Prote\u00e7\u00e3o e Defesa do Consumidor &#8211; Procon, previstas no C\u00f3digo de Defesa do Consumidor, nos artigos 56 a 60 (Lei n\u00b0 8.078), de 11 de setembro de 1990.<\/p>\n<p> A den\u00fancia dever\u00e1 ser feita ao pr\u00f3prio Procon, que ser\u00e1 respons\u00e1vel por aplicar a multa, que vai de R$ 570 a R$ 8,5 milh\u00f5es, graduada de acordo com a gravidade da infra\u00e7\u00e3o, a vantagem auferida e a condi\u00e7\u00e3o econ\u00f4mica do fornecedor, aplicada mediante procedimento administrativo.<\/p>\n<p> A Lei N\u00ba 16.120, de 18 de janeiro de 2016, entrou em vigor a partir desta ter\u00e7a-feira (19). <\/p>\n<p>Do Portal do Governo do Estado SP<br \/>\n&#8212;<br \/>\nS\u00e3o Paulo \u00e9 uma das 27 unidades federativas do Brasil. O Estado est\u00e1 localizado no sul da regi\u00e3o Sudeste e tem como limites os estados Minas Gerais (N e NE), Rio de Janeiro (NE), oceano Atl\u00e2ntico (L), Paran\u00e1 (S) e Mato Grosso do Sul (O). Ocupa uma \u00e1rea de 248.808,8 quil\u00f4metros quadrados, sendo pouco maior que o Reino Unido. Sua capital \u00e9 a cidade de S\u00e3o Paulo e seu atual governador \u00e9 Geraldo Alckmin.<\/p>\n","protected":false},"excerpt":{"rendered":"<p>O governador Geraldo Alckmin sancionou o Projeto de Lei (PL) n\u00ba 752\/2011 que pro\u00edbe os estabelecimentos comerciais de exigirem valor m\u00ednimo para compras com cart\u00e3o de cr\u00e9dito ou d\u00e9bito. O estabelecimento que n\u00e3o cumprir a nova legisla\u00e7\u00e3o poder\u00e1 ser multado e, em alguns casos, ter suspens\u00e3o tempor\u00e1ria da atividade e interven\u00e7\u00f5es administrativas aplicadas pela Funda\u00e7\u00e3o [&hellip;]<\/p>\n","protected":false},"author":2,"featured_media":35203,"comment_status":"open","ping_status":"closed","sticky":false,"template":"","format":"standard","meta":{"_genesis_hide_title":false,"_genesis_hide_breadcrumbs":false,"_genesis_hide_singular_image":false,"_genesis_hide_footer_widgets":false,"_genesis_custom_body_class":"","_genesis_custom_post_class":"","_genesis_layout":"","_jetpack_memberships_contains_paid_content":false,"footnotes":""},"categories":[22],"tags":[],"class_list":{"0":"post-79959","1":"post","2":"type-post","3":"status-publish","4":"format-standard","5":"has-post-thumbnail","7":"category-brasil","8":"entry","9":"gs-1","10":"gs-odd","11":"gs-even","12":"gs-featured-content-entry"},"jetpack_featured_media_url":"https:\/\/www.redenoticia.com.br\/noticia\/imagens\/cartao-credito.jpg","jetpack_sharing_enabled":true,"jetpack_likes_enabled":true,"_links":{"self":[{"href":"https:\/\/www.redenoticia.com.br\/noticia\/wp-json\/wp\/v2\/posts\/79959","targetHints":{"allow":["GET"]}}],"collection":[{"href":"https:\/\/www.redenoticia.com.br\/noticia\/wp-json\/wp\/v2\/posts"}],"about":[{"href":"https:\/\/www.redenoticia.com.br\/noticia\/wp-json\/wp\/v2\/types\/post"}],"author":[{"embeddable":true,"href":"https:\/\/www.redenoticia.com.br\/noticia\/wp-json\/wp\/v2\/users\/2"}],"replies":[{"embeddable":true,"href":"https:\/\/www.redenoticia.com.br\/noticia\/wp-json\/wp\/v2\/comments?post=79959"}],"version-history":[{"count":0,"href":"https:\/\/www.redenoticia.com.br\/noticia\/wp-json\/wp\/v2\/posts\/79959\/revisions"}],"wp:featuredmedia":[{"embeddable":true,"href":"https:\/\/www.redenoticia.com.br\/noticia\/wp-json\/wp\/v2\/media\/35203"}],"wp:attachment":[{"href":"https:\/\/www.redenoticia.com.br\/noticia\/wp-json\/wp\/v2\/media?parent=79959"}],"wp:term":[{"taxonomy":"category","embeddable":true,"href":"https:\/\/www.redenoticia.com.br\/noticia\/wp-json\/wp\/v2\/categories?post=79959"},{"taxonomy":"post_tag","embeddable":true,"href":"https:\/\/www.redenoticia.com.br\/noticia\/wp-json\/wp\/v2\/tags?post=79959"}],"curies":[{"name":"wp","href":"https:\/\/api.w.org\/{rel}","templated":true}]}}