{"id":79914,"date":"2016-01-19T07:36:37","date_gmt":"2016-01-19T09:36:37","guid":{"rendered":"http:\/\/www.redenoticia.com.br\/noticia\/?p=79914"},"modified":"2016-01-18T19:38:21","modified_gmt":"2016-01-18T21:38:21","slug":"industria-inicia-o-ano-mais-pessimista-do-que-em-2015-diz-cni","status":"publish","type":"post","link":"https:\/\/www.redenoticia.com.br\/noticia\/2016\/industria-inicia-o-ano-mais-pessimista-do-que-em-2015-diz-cni\/79914","title":{"rendered":"Ind\u00fastria inicia o ano mais pessimista do que em 2015, diz CNI"},"content":{"rendered":"<p> Os empres\u00e1rios brasileiros continuam pessimistas com as condi\u00e7\u00f5es atuais e futuras da <strong><em>economia<\/em><\/strong> e das empresas. \u00c9 o que mostra o \u00cdndice de Confian\u00e7a do Empres\u00e1rio Industrial (Icei), divulgado pela Confedera\u00e7\u00e3o Nacional da Ind\u00fastria (CNI).<\/p>\n<p>Em janeiro, o \u00edndice ficou em 36,5 pontos, valor 7,9 pontos inferior ao registrado no mesmo m\u00eas de 2015 e est\u00e1 18,4 pontos abaixo da m\u00e9dia hist\u00f3rica, que \u00e9 de 54,9 pontos. O indicador varia de zero a cem pontos. Quanto mais abaixo de 50 pontos, maior e mais disseminado \u00e9 o pessimismo.<\/p>\n<p>De acordo com a pesquisa, a confian\u00e7a \u00e9 menor entre os empres\u00e1rios da constru\u00e7\u00e3o. Nesse setor, o \u00edndice ficou em 35,1 pontos, abaixo do \u00edndice nacional. Na ind\u00fastria extrativa, o indicador alcan\u00e7ou 44 pontos e, na de transforma\u00e7\u00e3o, 36,4 pontos. Nas pequenas empresas o Icei ficou em 35,1 pontos, tamb\u00e9m abaixo do \u00edndice nacional. Nas grandes empresas, chegou a 37,6 pontos e, nas m\u00e9dias, a 35,5 pontos.<\/p>\n<p>Nesta edi\u00e7\u00e3o do \u00edndice foram ouvidas 2.772 empresas, entre 4 e 13 de janeiro. Dessas, 1.084 s\u00e3o pequenas, 1.063 s\u00e3o m\u00e9dias e 625 s\u00e3o de grande porte.<\/p>\n<p> Da Ag\u00eancia Brasil<br \/>\nEdi\u00e7\u00e3o: Beto Coura<br \/>\n19\/01\/2016<\/p>\n","protected":false},"excerpt":{"rendered":"<p>Os empres\u00e1rios brasileiros continuam pessimistas com as condi\u00e7\u00f5es atuais e futuras da economia e das empresas. \u00c9 o que mostra o \u00cdndice de Confian\u00e7a do Empres\u00e1rio Industrial (Icei), divulgado pela Confedera\u00e7\u00e3o Nacional da Ind\u00fastria (CNI). Em janeiro, o \u00edndice ficou em 36,5 pontos, valor 7,9 pontos inferior ao registrado no mesmo m\u00eas de 2015 e [&hellip;]<\/p>\n","protected":false},"author":2,"featured_media":38938,"comment_status":"open","ping_status":"closed","sticky":false,"template":"","format":"standard","meta":{"_genesis_hide_title":false,"_genesis_hide_breadcrumbs":false,"_genesis_hide_singular_image":false,"_genesis_hide_footer_widgets":false,"_genesis_custom_body_class":"","_genesis_custom_post_class":"","_genesis_layout":"","_jetpack_memberships_contains_paid_content":false,"footnotes":""},"categories":[22,7],"tags":[],"class_list":{"0":"post-79914","1":"post","2":"type-post","3":"status-publish","4":"format-standard","5":"has-post-thumbnail","7":"category-brasil","8":"category-economia","9":"entry","10":"gs-1","11":"gs-odd","12":"gs-even","13":"gs-featured-content-entry"},"jetpack_featured_media_url":"https:\/\/www.redenoticia.com.br\/noticia\/imagens\/economia1.jpg","jetpack_sharing_enabled":true,"jetpack_likes_enabled":true,"_links":{"self":[{"href":"https:\/\/www.redenoticia.com.br\/noticia\/wp-json\/wp\/v2\/posts\/79914","targetHints":{"allow":["GET"]}}],"collection":[{"href":"https:\/\/www.redenoticia.com.br\/noticia\/wp-json\/wp\/v2\/posts"}],"about":[{"href":"https:\/\/www.redenoticia.com.br\/noticia\/wp-json\/wp\/v2\/types\/post"}],"author":[{"embeddable":true,"href":"https:\/\/www.redenoticia.com.br\/noticia\/wp-json\/wp\/v2\/users\/2"}],"replies":[{"embeddable":true,"href":"https:\/\/www.redenoticia.com.br\/noticia\/wp-json\/wp\/v2\/comments?post=79914"}],"version-history":[{"count":0,"href":"https:\/\/www.redenoticia.com.br\/noticia\/wp-json\/wp\/v2\/posts\/79914\/revisions"}],"wp:featuredmedia":[{"embeddable":true,"href":"https:\/\/www.redenoticia.com.br\/noticia\/wp-json\/wp\/v2\/media\/38938"}],"wp:attachment":[{"href":"https:\/\/www.redenoticia.com.br\/noticia\/wp-json\/wp\/v2\/media?parent=79914"}],"wp:term":[{"taxonomy":"category","embeddable":true,"href":"https:\/\/www.redenoticia.com.br\/noticia\/wp-json\/wp\/v2\/categories?post=79914"},{"taxonomy":"post_tag","embeddable":true,"href":"https:\/\/www.redenoticia.com.br\/noticia\/wp-json\/wp\/v2\/tags?post=79914"}],"curies":[{"name":"wp","href":"https:\/\/api.w.org\/{rel}","templated":true}]}}