{"id":79904,"date":"2016-01-19T07:20:51","date_gmt":"2016-01-19T09:20:51","guid":{"rendered":"http:\/\/www.redenoticia.com.br\/noticia\/?p=79904"},"modified":"2016-01-18T19:26:17","modified_gmt":"2016-01-18T21:26:17","slug":"procon-sp-tem-atividades-gratuitas-com-inscricoes-abertas","status":"publish","type":"post","link":"https:\/\/www.redenoticia.com.br\/noticia\/2016\/procon-sp-tem-atividades-gratuitas-com-inscricoes-abertas\/79904","title":{"rendered":"Procon-SP tem atividades gratuitas com inscri\u00e7\u00f5es abertas"},"content":{"rendered":"<p>Quer entender mais sobre Direitos do Consumidor ou at\u00e9 mesmo aprender como se controlar na hora das finan\u00e7as? Ent\u00e3o inscreva-se nas <em><strong>atividades gratuitas do Procon-SP<\/strong><\/em>, \u00f3rg\u00e3o vinculado \u00e0 Secretaria de Estado da Justi\u00e7a e da Defesa da Cidadania de S\u00e3o Paulo.<\/p>\n<p>A Funda\u00e7\u00e3o oferece regularmente cursos e palestras aos consumidores e fornecedores sobre quest\u00f5es consumeristas.<br \/>\nConfira abaixo os temas, hor\u00e1rios e informa\u00e7\u00f5es sobre as inscri\u00e7\u00f5es que podem ser feitas pelo .<\/p>\n<p>Atividades: Palestras -&#8220;D\u00edvidas e D\u00favidas&#8221;<br \/>\nRealiza\u00e7\u00e3o: N\u00facleo de Tratamento do Superendividamento do Procon-SP<br \/>\nDias: 20 de janeiro, quarta-feira, das 14h \u00e0s 17h<br \/>\nEndere\u00e7o: Rua Barra Funda, 1.032<br \/>\nInscri\u00e7\u00f5es e informa\u00e7\u00f5es: Evento aberto ao p\u00fablico<br \/>\nEscolha a data e fa\u00e7a a inscri\u00e7\u00e3o gratuita pelo <\/p>\n<p>Atividade: Palestra \u2013 Direitos B\u00e1sicos do Consumidor<br \/>\nRealiza\u00e7\u00e3o: Diretoria de Estudos e Pesquisas do Procon-SP<br \/>\nDia e hora: \u00a027\/1\/2016, quarta-feira, das 09h \u00e0s 11h<br \/>\nEndere\u00e7o: Rua Barra Funda, 930 \u2013 1\u00ba andar \u2013 sala 111\u2013 Barra Funda \u2013 S\u00e3o Paulo\/SP<br \/>\nInscri\u00e7\u00f5es e informa\u00e7\u00f5es: Evento aberto ao p\u00fablico<br \/>\nInscri\u00e7\u00f5es gratuitas pelo\u00a0<\/p>\n<p>Atividades: Palestras -&#8220;D\u00edvidas e D\u00favidas&#8221;<br \/>\nRealiza\u00e7\u00e3o: N\u00facleo de Tratamento do Superendividamento do Procon-SP<br \/>\nDias: 30 de janeiro, s\u00e1bado, das 9h \u00e0s 12h<br \/>\nEndere\u00e7o: Rua Barra Funda, 1.032<br \/>\nInscri\u00e7\u00f5es e informa\u00e7\u00f5es: Evento aberto ao p\u00fablico<br \/>\nEscolha a data e fa\u00e7a a inscri\u00e7\u00e3o gratuita pelo\u00a0<\/p>\n<p>Do Portal do Governo do Estado SP<\/p>\n","protected":false},"excerpt":{"rendered":"<p>Quer entender mais sobre Direitos do Consumidor ou at\u00e9 mesmo aprender como se controlar na hora das finan\u00e7as? Ent\u00e3o inscreva-se nas atividades gratuitas do Procon-SP, \u00f3rg\u00e3o vinculado \u00e0 Secretaria de Estado da Justi\u00e7a e da Defesa da Cidadania de S\u00e3o Paulo. A Funda\u00e7\u00e3o oferece regularmente cursos e palestras aos consumidores e fornecedores sobre quest\u00f5es consumeristas. [&hellip;]<\/p>\n","protected":false},"author":2,"featured_media":36246,"comment_status":"open","ping_status":"closed","sticky":false,"template":"","format":"standard","meta":{"_genesis_hide_title":false,"_genesis_hide_breadcrumbs":false,"_genesis_hide_singular_image":false,"_genesis_hide_footer_widgets":false,"_genesis_custom_body_class":"","_genesis_custom_post_class":"","_genesis_layout":"","_jetpack_memberships_contains_paid_content":false,"footnotes":""},"categories":[22,351,370],"tags":[],"class_list":{"0":"post-79904","1":"post","2":"type-post","3":"status-publish","4":"format-standard","5":"has-post-thumbnail","7":"category-brasil","8":"category-cursos","9":"category-inscricao","10":"entry","11":"gs-1","12":"gs-odd","13":"gs-even","14":"gs-featured-content-entry"},"jetpack_featured_media_url":"https:\/\/www.redenoticia.com.br\/noticia\/imagens\/professor-a.jpg","jetpack_sharing_enabled":true,"jetpack_likes_enabled":true,"_links":{"self":[{"href":"https:\/\/www.redenoticia.com.br\/noticia\/wp-json\/wp\/v2\/posts\/79904","targetHints":{"allow":["GET"]}}],"collection":[{"href":"https:\/\/www.redenoticia.com.br\/noticia\/wp-json\/wp\/v2\/posts"}],"about":[{"href":"https:\/\/www.redenoticia.com.br\/noticia\/wp-json\/wp\/v2\/types\/post"}],"author":[{"embeddable":true,"href":"https:\/\/www.redenoticia.com.br\/noticia\/wp-json\/wp\/v2\/users\/2"}],"replies":[{"embeddable":true,"href":"https:\/\/www.redenoticia.com.br\/noticia\/wp-json\/wp\/v2\/comments?post=79904"}],"version-history":[{"count":0,"href":"https:\/\/www.redenoticia.com.br\/noticia\/wp-json\/wp\/v2\/posts\/79904\/revisions"}],"wp:featuredmedia":[{"embeddable":true,"href":"https:\/\/www.redenoticia.com.br\/noticia\/wp-json\/wp\/v2\/media\/36246"}],"wp:attachment":[{"href":"https:\/\/www.redenoticia.com.br\/noticia\/wp-json\/wp\/v2\/media?parent=79904"}],"wp:term":[{"taxonomy":"category","embeddable":true,"href":"https:\/\/www.redenoticia.com.br\/noticia\/wp-json\/wp\/v2\/categories?post=79904"},{"taxonomy":"post_tag","embeddable":true,"href":"https:\/\/www.redenoticia.com.br\/noticia\/wp-json\/wp\/v2\/tags?post=79904"}],"curies":[{"name":"wp","href":"https:\/\/api.w.org\/{rel}","templated":true}]}}