{"id":79868,"date":"2016-01-18T07:07:14","date_gmt":"2016-01-18T09:07:14","guid":{"rendered":"http:\/\/www.redenoticia.com.br\/noticia\/?p=79868"},"modified":"2016-01-17T18:10:12","modified_gmt":"2016-01-17T20:10:12","slug":"museu-afro-brasil-comemora-462-anos-de-sao-paulo-com-programacao-especial","status":"publish","type":"post","link":"https:\/\/www.redenoticia.com.br\/noticia\/2016\/museu-afro-brasil-comemora-462-anos-de-sao-paulo-com-programacao-especial\/79868","title":{"rendered":"Museu Afro Brasil comemora 462 anos de S\u00e3o Paulo com programa\u00e7\u00e3o especial"},"content":{"rendered":"<p> O <strong><em>Museu Afro Brasil<\/em><\/strong> celebra os 462 anos da capital paulista com exposi\u00e7\u00f5es de dois artistas paulistanos, al\u00e9m do lan\u00e7amento do livro 100 anos de Feiras Livres na Cidade de S\u00e3o Paulo e de uma atividade para crian\u00e7as conhecerem o museu. A abertura ser\u00e1 no pr\u00f3ximo s\u00e1bado (23), antev\u00e9spera do anivers\u00e1rio da cidade.<\/p>\n<p>A coordenadora curatorial do Afro Brasil, Ana L\u00facia Lopes, disse que o museu homenageia a cidade fazendo uma liga\u00e7\u00e3o entre a hist\u00f3ria e a contemporaneidade de S\u00e3o Paulo do ponto de vista da arte.<\/p>\n<p>\u201cO tema \u00e9 S\u00e3o Paulo no Museu Afro Brasil e como o museu est\u00e1 homenageando a sua cidade. Est\u00e1 homenageando dois artistas paulistanos, est\u00e1 oferecendo ao p\u00fablico o lan\u00e7amento do livro sobre feira livre, que caracteriza as feiras livres com a cidade, e tamb\u00e9m essa experi\u00eancia de passear pelo acervo de forma l\u00fadica, mostrando a rela\u00e7\u00e3o Brasil-\u00c1frica\u201d, disse.<\/p>\n<p>A valoriza\u00e7\u00e3o de artistas paulistanos \u00e9 um dos motes do evento. A exposi\u00e7\u00e3o Lou\u00e7a Fina, de Fernando Ribeiro, apresenta 80 trabalhos in\u00e9ditos, entre pinturas e colagens. Ele discute quest\u00f5es diversas, desde o consumismo at\u00e9 o valor da obra de arte como mem\u00f3ria e parte da hist\u00f3ria. O p\u00fablico poder\u00e1 conferir tamb\u00e9m um aspecto curioso: simples pratos de papel\u00e3o se transformarem em obras de arte a partir da interven\u00e7\u00e3o do artista.<\/p>\n<p> A exposi\u00e7\u00e3o C\u00famulo, do artista pl\u00e1stico Ca\u00edto, apresenta 20 esculturas in\u00e9ditas e mostra um excesso de coisas que se sobrep\u00f5em umas \u00e0s outras. Ele traz objetos amontoados, representando um ac\u00famulo.<\/p>\n<p>\u201cEle potencializa uma ideia de acumula\u00e7\u00e3o e tem uma sobreposi\u00e7\u00e3o de obras que tornam o resultado provocativo e esteticamente muito interessante. \u00c9 uma incid\u00eancia m\u00e1xima de objetos acumulados que se transformam numa obra\u201d, disse a coordenadora.<\/p>\n<p>J\u00e1 o livro sobre feiras livres na capital paulista, que s\u00e3o centen\u00e1rias e t\u00e3o presentes na rotina da cidade, conta um pouco da sua constru\u00e7\u00e3o hist\u00f3rica. As feiras livres foram organizadas e disciplinadas por ato do prefeito Washington Luiz, em 1914, e sobrevivem at\u00e9 os dias de hoje, apesar de algumas previs\u00f5es que historicamente apontaram para o seu desaparecimento das ruas paulistanas. Segundo Lopes, \u201c\u00e9 um livro importante, que recupera uma experi\u00eancia para al\u00e9m de econ\u00f4mica, uma experi\u00eancia cultural da cidade, que s\u00e3o as feiras livres\u201d.<\/p>\n<p>Os autores do livro, o engenheiro agr\u00f4nomo H\u00e9lio Junqueira e a economista Marcia Peetz, buscaram as origens medievais dos mercados e das feiras populares europeias e, a partir da\u00ed, tra\u00e7aram sua evolu\u00e7\u00e3o e desdobramentos socioecon\u00f4micos e culturais desde que chegaram ao Brasil, trazidas pelos portugueses colonizadores.<\/p>\n<p>O museu exp\u00f5e tamb\u00e9m uma mostra dedicada ao p\u00fablico infantil envolvendo a cultura africana, especialmente do Congo. O objetivo \u00e9 que elas conhe\u00e7am as tem\u00e1ticas do Museu Afro Brasil de forma l\u00fadica, durante uma visita \u00e0 exposi\u00e7\u00e3o de longa dura\u00e7\u00e3o, tudo isso em meio a brincadeiras e cantigas.<\/p>\n<p>O Museu Afro Brasil abre de ter\u00e7a-feira a domingo, das 10h \u00e0s 17h. Os ingressos custam R$ 6 e a entrada \u00e9 gratuita aos s\u00e1bados. O lan\u00e7amento do livro 100 Anos de Feiras Livres na cidade de S\u00e3o Paulo ocorrer\u00e1 das 11h \u00e0s 16h, no dia 23 de janeiro, quando haver\u00e1 tamb\u00e9m a abertura das exposi\u00e7\u00f5es. A a\u00e7\u00e3o educativa com as crian\u00e7as est\u00e1 prevista para acontecer a partir das 14h.<\/p>\n<p> Camila Boehm \u2013 Rep\u00f3rter da Ag\u00eancia Brasil<br \/>\nEdi\u00e7\u00e3o: A\u00e9cio Amado<br \/>\n18\/01\/2016<\/p>\n","protected":false},"excerpt":{"rendered":"<p>O Museu Afro Brasil celebra os 462 anos da capital paulista com exposi\u00e7\u00f5es de dois artistas paulistanos, al\u00e9m do lan\u00e7amento do livro 100 anos de Feiras Livres na Cidade de S\u00e3o Paulo e de uma atividade para crian\u00e7as conhecerem o museu. A abertura ser\u00e1 no pr\u00f3ximo s\u00e1bado (23), antev\u00e9spera do anivers\u00e1rio da cidade. A coordenadora [&hellip;]<\/p>\n","protected":false},"author":2,"featured_media":26625,"comment_status":"open","ping_status":"closed","sticky":false,"template":"","format":"standard","meta":{"_genesis_hide_title":false,"_genesis_hide_breadcrumbs":false,"_genesis_hide_singular_image":false,"_genesis_hide_footer_widgets":false,"_genesis_custom_body_class":"","_genesis_custom_post_class":"","_genesis_layout":"","_jetpack_memberships_contains_paid_content":false,"footnotes":""},"categories":[22],"tags":[],"class_list":{"0":"post-79868","1":"post","2":"type-post","3":"status-publish","4":"format-standard","5":"has-post-thumbnail","7":"category-brasil","8":"entry","9":"gs-1","10":"gs-odd","11":"gs-even","12":"gs-featured-content-entry"},"jetpack_featured_media_url":"https:\/\/www.redenoticia.com.br\/noticia\/imagens\/mulher-profissao.jpg","jetpack_sharing_enabled":true,"jetpack_likes_enabled":true,"_links":{"self":[{"href":"https:\/\/www.redenoticia.com.br\/noticia\/wp-json\/wp\/v2\/posts\/79868","targetHints":{"allow":["GET"]}}],"collection":[{"href":"https:\/\/www.redenoticia.com.br\/noticia\/wp-json\/wp\/v2\/posts"}],"about":[{"href":"https:\/\/www.redenoticia.com.br\/noticia\/wp-json\/wp\/v2\/types\/post"}],"author":[{"embeddable":true,"href":"https:\/\/www.redenoticia.com.br\/noticia\/wp-json\/wp\/v2\/users\/2"}],"replies":[{"embeddable":true,"href":"https:\/\/www.redenoticia.com.br\/noticia\/wp-json\/wp\/v2\/comments?post=79868"}],"version-history":[{"count":0,"href":"https:\/\/www.redenoticia.com.br\/noticia\/wp-json\/wp\/v2\/posts\/79868\/revisions"}],"wp:featuredmedia":[{"embeddable":true,"href":"https:\/\/www.redenoticia.com.br\/noticia\/wp-json\/wp\/v2\/media\/26625"}],"wp:attachment":[{"href":"https:\/\/www.redenoticia.com.br\/noticia\/wp-json\/wp\/v2\/media?parent=79868"}],"wp:term":[{"taxonomy":"category","embeddable":true,"href":"https:\/\/www.redenoticia.com.br\/noticia\/wp-json\/wp\/v2\/categories?post=79868"},{"taxonomy":"post_tag","embeddable":true,"href":"https:\/\/www.redenoticia.com.br\/noticia\/wp-json\/wp\/v2\/tags?post=79868"}],"curies":[{"name":"wp","href":"https:\/\/api.w.org\/{rel}","templated":true}]}}