{"id":79808,"date":"2016-01-15T18:20:35","date_gmt":"2016-01-15T20:20:35","guid":{"rendered":"http:\/\/www.redenoticia.com.br\/noticia\/?p=79808"},"modified":"2016-01-15T18:20:35","modified_gmt":"2016-01-15T20:20:35","slug":"industria-tem-queda-27-no-faturamento-de-novembro","status":"publish","type":"post","link":"https:\/\/www.redenoticia.com.br\/noticia\/2016\/industria-tem-queda-27-no-faturamento-de-novembro\/79808","title":{"rendered":"Ind\u00fastria tem queda 2,7% no faturamento de novembro"},"content":{"rendered":"<p> O <strong><em>faturamento real da ind\u00fastria<\/em><\/strong>, que mede o desempenho do setor, considerando todos os ganhos de uma empresa, descontada a infla\u00e7\u00e3o, caiu 2,7% em novembro. As horas trabalhadas na produ\u00e7\u00e3o recuaram 1,7% frente a outubro, segundo a pesquisa Indicadores Industriais, divulgada pela Confedera\u00e7\u00e3o Nacional da Ind\u00fastria (CNI).<\/p>\n<p>Na compara\u00e7\u00e3o com o ano anterior, o faturamento acusou queda de 13,3% e as horas trabalhadas na produ\u00e7\u00e3o ca\u00edram 12,1%. O tempo gasto pelos trabalhadores na fabrica\u00e7\u00e3o de produtos aumenta quando a economia est\u00e1 aquecida para atender o crescimento das encomendas.<\/p>\n<p>&#8220;O indicador de horas trabalhadas na produ\u00e7\u00e3o alcan\u00e7ou dois d\u00edgitos de janeiro a novembro na compara\u00e7\u00e3o com o mesmo per\u00edodo de 2014, confirmando a trajet\u00f3ria negativa da produ\u00e7\u00e3o na ind\u00fastria&#8221;, destacou o gerente-executivo da Unidade de Pol\u00edtica Econ\u00f4mica da CNI, Fl\u00e1vio Castelo Branco. Segundo ele, a consequ\u00eancia da retra\u00e7\u00e3o da atividade industrial \u00e9 a queda do emprego.<\/p>\n<p>Empregos<\/p>\n<p>O levantamento &#8211; realizado em novembro &#8211; mostra que o emprego na ind\u00fastria de transforma\u00e7\u00e3o caiu 0,8% na compara\u00e7\u00e3o com outubro e foi 8,5% menor do que o registrado em novembro de 2014. Segundo a CNI, esta foi a d\u00e9cima queda consecutiva do indicador.<\/p>\n<p>Com menos demanda e produ\u00e7\u00e3o em queda, o n\u00edvel de utiliza\u00e7\u00e3o da capacidade instalada recuou 0,4 ponto percentual em novembro na compara\u00e7\u00e3o com outubro e 3,7 pontos percentuais em rela\u00e7\u00e3o a novembro de 2014. O indicador considera o conjunto de instala\u00e7\u00f5es f\u00edsicas, m\u00e1quinas, equipamentos e trabalhadores que uma empresa tem para uma produ\u00e7\u00e3o m\u00e1xima mensal.<\/p>\n<p>A ind\u00fastria registrou melhora em rela\u00e7\u00e3o aos pagamentos de sal\u00e1rios e benef\u00edcios. Na soma de sal\u00e1rios, horas extras, abonos, gratifica\u00e7\u00f5es e outros ganhos dos trabalhadores, descontadas as perdas para a infla\u00e7\u00e3o, que mede o indicador de massa salarial real, o crescimento foi de 0,4% em rela\u00e7\u00e3o a outubro. O rendimento m\u00e9dio mensal recebido pelos trabalhadores, que revela o poder de compra dos empregados do setor, cresceu 1,1% em novembro diante de outubro.<\/p>\n<p>Indeniza\u00e7\u00f5es<\/p>\n<p>Castelo Branco explicou, ainda, que o incremento ocorre em fun\u00e7\u00e3o do pagamento do 13\u00ba sal\u00e1rio e de indeniza\u00e7\u00f5es para os empregados demitidos. O economista lembrou que, quando comparada a novembro de 2014, a massa real de sal\u00e1rios cai 9,1% e o rendimento real diminui 0,7%.  &#8220;Os dados das vendas no varejo est\u00e3o muito ruins, sinalizando que a ind\u00fastria n\u00e3o ter\u00e1 necessidade de produzir mais para  repor estoques. A queda na atividade deve se repetir em 2016 com reflexos no emprego e na remunera\u00e7\u00e3o dos trabalhadores&#8221;, finalizou.<\/p>\n<p> Carol Gon\u00e7alves &#8211; Rep\u00f3rter da Ag\u00eancia Brasil<br \/>\nEdi\u00e7\u00e3o: Kleber Sampaio<br \/>\n15\/01\/2016<\/p>\n","protected":false},"excerpt":{"rendered":"<p>O faturamento real da ind\u00fastria, que mede o desempenho do setor, considerando todos os ganhos de uma empresa, descontada a infla\u00e7\u00e3o, caiu 2,7% em novembro. As horas trabalhadas na produ\u00e7\u00e3o recuaram 1,7% frente a outubro, segundo a pesquisa Indicadores Industriais, divulgada pela Confedera\u00e7\u00e3o Nacional da Ind\u00fastria (CNI). Na compara\u00e7\u00e3o com o ano anterior, o faturamento [&hellip;]<\/p>\n","protected":false},"author":2,"featured_media":38938,"comment_status":"open","ping_status":"closed","sticky":false,"template":"","format":"standard","meta":{"_genesis_hide_title":false,"_genesis_hide_breadcrumbs":false,"_genesis_hide_singular_image":false,"_genesis_hide_footer_widgets":false,"_genesis_custom_body_class":"","_genesis_custom_post_class":"","_genesis_layout":"","_jetpack_memberships_contains_paid_content":false,"footnotes":""},"categories":[22,7],"tags":[],"class_list":{"0":"post-79808","1":"post","2":"type-post","3":"status-publish","4":"format-standard","5":"has-post-thumbnail","7":"category-brasil","8":"category-economia","9":"entry","10":"gs-1","11":"gs-odd","12":"gs-even","13":"gs-featured-content-entry"},"jetpack_featured_media_url":"https:\/\/www.redenoticia.com.br\/noticia\/imagens\/economia1.jpg","jetpack_sharing_enabled":true,"jetpack_likes_enabled":true,"_links":{"self":[{"href":"https:\/\/www.redenoticia.com.br\/noticia\/wp-json\/wp\/v2\/posts\/79808","targetHints":{"allow":["GET"]}}],"collection":[{"href":"https:\/\/www.redenoticia.com.br\/noticia\/wp-json\/wp\/v2\/posts"}],"about":[{"href":"https:\/\/www.redenoticia.com.br\/noticia\/wp-json\/wp\/v2\/types\/post"}],"author":[{"embeddable":true,"href":"https:\/\/www.redenoticia.com.br\/noticia\/wp-json\/wp\/v2\/users\/2"}],"replies":[{"embeddable":true,"href":"https:\/\/www.redenoticia.com.br\/noticia\/wp-json\/wp\/v2\/comments?post=79808"}],"version-history":[{"count":0,"href":"https:\/\/www.redenoticia.com.br\/noticia\/wp-json\/wp\/v2\/posts\/79808\/revisions"}],"wp:featuredmedia":[{"embeddable":true,"href":"https:\/\/www.redenoticia.com.br\/noticia\/wp-json\/wp\/v2\/media\/38938"}],"wp:attachment":[{"href":"https:\/\/www.redenoticia.com.br\/noticia\/wp-json\/wp\/v2\/media?parent=79808"}],"wp:term":[{"taxonomy":"category","embeddable":true,"href":"https:\/\/www.redenoticia.com.br\/noticia\/wp-json\/wp\/v2\/categories?post=79808"},{"taxonomy":"post_tag","embeddable":true,"href":"https:\/\/www.redenoticia.com.br\/noticia\/wp-json\/wp\/v2\/tags?post=79808"}],"curies":[{"name":"wp","href":"https:\/\/api.w.org\/{rel}","templated":true}]}}