{"id":798,"date":"2009-04-23T23:04:26","date_gmt":"2009-04-24T03:04:26","guid":{"rendered":"http:\/\/www.redenoticia.com.br\/noticia\/?p=798"},"modified":"2018-08-13T10:31:19","modified_gmt":"2018-08-13T13:31:19","slug":"ex-bbb-priscila-capa-de-revista-e-atrao-de-novela","status":"publish","type":"post","link":"https:\/\/www.redenoticia.com.br\/noticia\/2009\/ex-bbb-priscila-capa-de-revista-e-atrao-de-novela\/798","title":{"rendered":"Ex-BBB Priscila \u00e9 capa de revista e atra\u00e7\u00e3o de novela"},"content":{"rendered":"<p><img loading=\"lazy\" decoding=\"async\" style=\"display: inline; margin: 0px 50px 0px 0px\" src=\"http:\/\/www.msnoticias.com.br\/fotos\/Priscila ensaio.jpg\" border=\"0\" alt=\"Modelo Priscila Pires \u00e9 capa da revista \\\" width=\"199\" height=\"300\" align=\"left\" \/><\/p>\n<p>Modelo Priscila Pires \u00e9 capa da revista \\&#8221;VIP\\&#8221; de maio<\/p>\n<p>Capa da revista &#8220;VIP&#8221; de maio, a ex-BBB Priscila Pires j\u00e1 pode ser vista em uma das fotos do ensaio sensual que chega \u00e0s bancas no pr\u00f3ximo dia 27.<\/p>\n<p>Segunda colocada no &#8220;Big Brother Brasil 9&#8221;, a modelo Priscila Pires \u00e9 capa da revista &#8220;VIP&#8221; de maio<\/p>\n<p>Priscila foi atra\u00e7\u00e3o da novela &#8220;Caminho das \u00cdndias&#8221; . A modelo gravou uma participa\u00e7\u00e3o como convidada de um desfile da Daspu ao lado de Preta Gil, Carlinhos de Jesus, Elke Maravilha, entre outros nomes.<\/p>\n<p>Fonte: Folha Online<\/p>\n","protected":false},"excerpt":{"rendered":"<p>Modelo Priscila Pires \u00e9 capa da revista \\&#8221;VIP\\&#8221; de maio Capa da revista &#8220;VIP&#8221; de maio, a ex-BBB Priscila Pires j\u00e1 pode ser vista em uma das fotos do ensaio sensual que chega \u00e0s bancas no pr\u00f3ximo dia 27. Segunda colocada no &#8220;Big Brother Brasil 9&#8221;, a modelo Priscila Pires \u00e9 capa da revista &#8220;VIP&#8221; [&hellip;]<\/p>\n","protected":false},"author":2,"featured_media":0,"comment_status":"open","ping_status":"open","sticky":false,"template":"","format":"standard","meta":{"_genesis_hide_title":false,"_genesis_hide_breadcrumbs":false,"_genesis_hide_singular_image":false,"_genesis_hide_footer_widgets":false,"_genesis_custom_body_class":"","_genesis_custom_post_class":"","_genesis_layout":"","_jetpack_memberships_contains_paid_content":false,"footnotes":""},"categories":[520,22],"tags":[],"class_list":{"0":"post-798","1":"post","2":"type-post","3":"status-publish","4":"format-standard","6":"category-big-brother-brasil","7":"category-brasil","8":"entry","9":"gs-1","10":"gs-odd","11":"gs-even","12":"gs-featured-content-entry"},"jetpack_featured_media_url":"","jetpack_sharing_enabled":true,"jetpack_likes_enabled":true,"_links":{"self":[{"href":"https:\/\/www.redenoticia.com.br\/noticia\/wp-json\/wp\/v2\/posts\/798","targetHints":{"allow":["GET"]}}],"collection":[{"href":"https:\/\/www.redenoticia.com.br\/noticia\/wp-json\/wp\/v2\/posts"}],"about":[{"href":"https:\/\/www.redenoticia.com.br\/noticia\/wp-json\/wp\/v2\/types\/post"}],"author":[{"embeddable":true,"href":"https:\/\/www.redenoticia.com.br\/noticia\/wp-json\/wp\/v2\/users\/2"}],"replies":[{"embeddable":true,"href":"https:\/\/www.redenoticia.com.br\/noticia\/wp-json\/wp\/v2\/comments?post=798"}],"version-history":[{"count":0,"href":"https:\/\/www.redenoticia.com.br\/noticia\/wp-json\/wp\/v2\/posts\/798\/revisions"}],"wp:attachment":[{"href":"https:\/\/www.redenoticia.com.br\/noticia\/wp-json\/wp\/v2\/media?parent=798"}],"wp:term":[{"taxonomy":"category","embeddable":true,"href":"https:\/\/www.redenoticia.com.br\/noticia\/wp-json\/wp\/v2\/categories?post=798"},{"taxonomy":"post_tag","embeddable":true,"href":"https:\/\/www.redenoticia.com.br\/noticia\/wp-json\/wp\/v2\/tags?post=798"}],"curies":[{"name":"wp","href":"https:\/\/api.w.org\/{rel}","templated":true}]}}