{"id":79668,"date":"2016-01-12T00:24:19","date_gmt":"2016-01-12T02:24:19","guid":{"rendered":"http:\/\/www.redenoticia.com.br\/noticia\/?p=79668"},"modified":"2016-01-11T18:24:39","modified_gmt":"2016-01-11T20:24:39","slug":"pedidos-de-recuperacao-judicial-crescem-554-no-brasil","status":"publish","type":"post","link":"https:\/\/www.redenoticia.com.br\/noticia\/2016\/pedidos-de-recuperacao-judicial-crescem-554-no-brasil\/79668","title":{"rendered":"Pedidos de recupera\u00e7\u00e3o judicial crescem 55,4% no Brasil"},"content":{"rendered":"<p>Os <strong><em>pedidos de recupera\u00e7\u00e3o judicial<\/em><\/strong> cresceram 55,4% em 2015 sobre o ano anterior, atingindo 1.287 solicita\u00e7\u00f5es, segundo o Indicador Serasa Experian de Fal\u00eancias e Recupera\u00e7\u00f5es. Foi o maior n\u00famero desde 2006, ap\u00f3s a entrada em vigor da Nova Lei de Fal\u00eancias, em junho de 2005. Em 2014, houve 828 pedidos contra 874 de 2013.<\/p>\n<p>Do total de 2015, 688 pedidos se referem a micro e pequenas empresas, 354 foram solicitados por empresas de m\u00e9dio porte e o restante (245) por grandes empresas. Em dezembro, houve alta de 23% sobre novembro, com 150 a\u00e7\u00f5es e, em rela\u00e7\u00e3o a dezembro de 2014, o aumento foi de 183%.<\/p>\n<p>Fal\u00eancias<\/p>\n<p>A Serasa Experian informou, ainda, que de janeiro a dezembro do ano passado, houve 1.783 pedidos de fal\u00eancia em todo o pa\u00eds, movimento 7,3% maior que em 2014 (1.661). A maioria (923), envolveu micro e pequenas empresas, 415 m\u00e9dias e 448 grandes. Em dezembro \u00faltimo, por\u00e9m, o n\u00famero caiu 24,6% com 129 solicita\u00e7\u00f5es.<\/p>\n<p>Por meio de nota, os economistas da Serasa Experian justificaram que esse resultado foi provocado pelo desaquecimento da economia, juros elevados e varia\u00e7\u00e3o cambial. Essas condi\u00e7\u00f5es \u201cprejudicaram a gera\u00e7\u00e3o de caixa das empresas e aumentaram os custos financeiros e operacionais\u201d.<\/p>\n<p>Marli Moreira &#8211; Rep\u00f3rter da Ag\u00eancia Brasil<br \/>\nEdi\u00e7\u00e3o: Kleber Sampaio<br \/>\n12\/01\/2016<\/p>\n","protected":false},"excerpt":{"rendered":"<p>Os pedidos de recupera\u00e7\u00e3o judicial cresceram 55,4% em 2015 sobre o ano anterior, atingindo 1.287 solicita\u00e7\u00f5es, segundo o Indicador Serasa Experian de Fal\u00eancias e Recupera\u00e7\u00f5es. Foi o maior n\u00famero desde 2006, ap\u00f3s a entrada em vigor da Nova Lei de Fal\u00eancias, em junho de 2005. Em 2014, houve 828 pedidos contra 874 de 2013. Do [&hellip;]<\/p>\n","protected":false},"author":2,"featured_media":57582,"comment_status":"open","ping_status":"closed","sticky":false,"template":"","format":"standard","meta":{"_genesis_hide_title":false,"_genesis_hide_breadcrumbs":false,"_genesis_hide_singular_image":false,"_genesis_hide_footer_widgets":false,"_genesis_custom_body_class":"","_genesis_custom_post_class":"","_genesis_layout":"","_jetpack_memberships_contains_paid_content":false,"footnotes":""},"categories":[22,7],"tags":[],"class_list":{"0":"post-79668","1":"post","2":"type-post","3":"status-publish","4":"format-standard","5":"has-post-thumbnail","7":"category-brasil","8":"category-economia","9":"entry","10":"gs-1","11":"gs-odd","12":"gs-even","13":"gs-featured-content-entry"},"jetpack_featured_media_url":"https:\/\/www.redenoticia.com.br\/noticia\/imagens\/grafico1.jpg","jetpack_sharing_enabled":true,"jetpack_likes_enabled":true,"_links":{"self":[{"href":"https:\/\/www.redenoticia.com.br\/noticia\/wp-json\/wp\/v2\/posts\/79668","targetHints":{"allow":["GET"]}}],"collection":[{"href":"https:\/\/www.redenoticia.com.br\/noticia\/wp-json\/wp\/v2\/posts"}],"about":[{"href":"https:\/\/www.redenoticia.com.br\/noticia\/wp-json\/wp\/v2\/types\/post"}],"author":[{"embeddable":true,"href":"https:\/\/www.redenoticia.com.br\/noticia\/wp-json\/wp\/v2\/users\/2"}],"replies":[{"embeddable":true,"href":"https:\/\/www.redenoticia.com.br\/noticia\/wp-json\/wp\/v2\/comments?post=79668"}],"version-history":[{"count":0,"href":"https:\/\/www.redenoticia.com.br\/noticia\/wp-json\/wp\/v2\/posts\/79668\/revisions"}],"wp:featuredmedia":[{"embeddable":true,"href":"https:\/\/www.redenoticia.com.br\/noticia\/wp-json\/wp\/v2\/media\/57582"}],"wp:attachment":[{"href":"https:\/\/www.redenoticia.com.br\/noticia\/wp-json\/wp\/v2\/media?parent=79668"}],"wp:term":[{"taxonomy":"category","embeddable":true,"href":"https:\/\/www.redenoticia.com.br\/noticia\/wp-json\/wp\/v2\/categories?post=79668"},{"taxonomy":"post_tag","embeddable":true,"href":"https:\/\/www.redenoticia.com.br\/noticia\/wp-json\/wp\/v2\/tags?post=79668"}],"curies":[{"name":"wp","href":"https:\/\/api.w.org\/{rel}","templated":true}]}}