{"id":79623,"date":"2016-01-10T19:20:21","date_gmt":"2016-01-10T21:20:21","guid":{"rendered":"http:\/\/www.redenoticia.com.br\/noticia\/?p=79623"},"modified":"2016-01-10T19:20:21","modified_gmt":"2016-01-10T21:20:21","slug":"desaceleracao-da-china-dificulta-recuperacao-brasileira-dizem-economistas","status":"publish","type":"post","link":"https:\/\/www.redenoticia.com.br\/noticia\/2016\/desaceleracao-da-china-dificulta-recuperacao-brasileira-dizem-economistas\/79623","title":{"rendered":"Desacelera\u00e7\u00e3o da China dificulta recupera\u00e7\u00e3o brasileira, dizem economistas"},"content":{"rendered":"<p> A primeira semana de 2016 come\u00e7ou da maneira mais turbulenta poss\u00edvel no mercado financeiro. Dados que mostram que a desacelera\u00e7\u00e3o da <strong><em>economia<\/em><\/strong> chinesa desencadeou uma queda nas bolsas de valores do pa\u00eds asi\u00e1tico, que se espalhou para todo o planeta. Grande exportador de min\u00e9rios e de gr\u00e3os para o mercado chin\u00eas, o Brasil foi atingido em cheio pelas instabilidades na segunda maior economia do mundo.<\/p>\n<p>O d\u00f3lar comercial encerrou a primeira semana do ano em R$ 4,04, com alta de 2,34%. O \u00edndice Ibovespa, da Bolsa de Valores de S\u00e3o Paulo, despencou mais de 6% nas \u00faltimas cinco sess\u00f5es e est\u00e1 no menor n\u00edvel desde mar\u00e7o de 2009, no auge da crise provocada pelo colapso do cr\u00e9dito imobili\u00e1rio nos Estados Unidos. Segundo economistas, a desacelera\u00e7\u00e3o da China dificulta ainda mais a sa\u00edda do pa\u00eds da pior recess\u00e3o em 25 anos.<\/p>\n<p>Para o economista R\u00f3ridan Duarte, membro do Conselho Federal de Economia, a mais nova crise internacional veio no pior momento para o pa\u00eds. \u201cAs dimens\u00f5es da economia chinesa, com PIB [Produto Interno Bruto] de quase US$ 10 trilh\u00f5es, fazem qualquer espirro se tornar uma gripe em todo o mundo. Um pa\u00eds que cresce 7%, em vez de 10%, tem um desempenho fant\u00e1stico, mas a desacelera\u00e7\u00e3o causa impacto em todo o planeta\u201d, afirma.<\/p>\n<p> Em rela\u00e7\u00e3o ao Brasil, o economista diz que ele se tornou dependente da economia chinesa quando o pa\u00eds asi\u00e1tico passou a investir em infraestrutura e comprou mais commodities \u2013 bens prim\u00e1rios com cota\u00e7\u00e3o internacional. Com a desacelera\u00e7\u00e3o, o pa\u00eds diminuiu o consumo desses bens, fazendo os pre\u00e7os internacionais desabarem. \u201cDiferentemente da crise de 2003, o Brasil n\u00e3o poder\u00e1 usar as exporta\u00e7\u00f5es para se recuperar mais r\u00e1pido porque a demanda mundial por produtos brasileiros caiu\u201d, diz.<\/p>\n<p>Para Duarte, o grande desafio do Brasil ser\u00e1 aproveitar a desvaloriza\u00e7\u00e3o do real para diversificar a pauta de exporta\u00e7\u00f5es e vender mais produtos industrializados. \u201cO problema \u00e9 que isso levar\u00e1 algum tempo porque o pa\u00eds passou por um processo de desindustrializa\u00e7\u00e3o nos \u00faltimos anos, e a recupera\u00e7\u00e3o da ind\u00fastria n\u00e3o \u00e9 imediata\u201d, explica.<\/p>\n<p>Apesar de concordar que a crise internacional complica a recupera\u00e7\u00e3o da economia brasileira, a professora de Economia Virene Matesco, da Funda\u00e7\u00e3o Getulio Vargas (FGV), diz que os principais problemas do pa\u00eds n\u00e3o s\u00e3o externos, mas internos. Para ela, a recupera\u00e7\u00e3o da economia brasileira depende mais de o pa\u00eds superar a crise pol\u00edtica e executar o ajuste fiscal do que do desempenho da China.<\/p>\n<p>\u201cClaro que o que acontece na China, que \u00e9 o nosso principal parceiro comercial, interfere no Brasil. Assim como na Argentina, nosso terceiro maior parceiro comercial. S\u00f3 que a recess\u00e3o brasileira foi causada por uma crise fiscal piorada por uma crise pol\u00edtica\u201d, observa Matesco. \u201cO cen\u00e1rio internacional \u00e9 um fator secund\u00e1rio.\u201d<\/p>\n<p>Segundo Matesco, o maior desafio para o Brasil ser\u00e1 o novo ministro da Fazenda, Nelson Barbosa, reconquistar a credibilidade dos investidores em rela\u00e7\u00e3o ao governo. \u201cO novo ministro tem de mostrar se realmente est\u00e1 comprometido com o ajuste fiscal porque, nos anos anteriores, ele foi o idealizador de muitas pol\u00edticas de aumento de gastos que n\u00e3o deram certo e n\u00e3o elevaram os investimentos\u201d, acrescenta.<\/p>\n<p> Wellton M\u00e1ximo \u2013 Rep\u00f3rter da Ag\u00eancia Brasil<br \/>\nEdi\u00e7\u00e3o: Gra\u00e7a Adjuto<br \/>\n11\/01\/2016<\/p>\n","protected":false},"excerpt":{"rendered":"<p>A primeira semana de 2016 come\u00e7ou da maneira mais turbulenta poss\u00edvel no mercado financeiro. Dados que mostram que a desacelera\u00e7\u00e3o da economia chinesa desencadeou uma queda nas bolsas de valores do pa\u00eds asi\u00e1tico, que se espalhou para todo o planeta. Grande exportador de min\u00e9rios e de gr\u00e3os para o mercado chin\u00eas, o Brasil foi atingido [&hellip;]<\/p>\n","protected":false},"author":2,"featured_media":57583,"comment_status":"open","ping_status":"closed","sticky":false,"template":"","format":"standard","meta":{"_genesis_hide_title":false,"_genesis_hide_breadcrumbs":false,"_genesis_hide_singular_image":false,"_genesis_hide_footer_widgets":false,"_genesis_custom_body_class":"","_genesis_custom_post_class":"","_genesis_layout":"","_jetpack_memberships_contains_paid_content":false,"footnotes":""},"categories":[22,7],"tags":[],"class_list":{"0":"post-79623","1":"post","2":"type-post","3":"status-publish","4":"format-standard","5":"has-post-thumbnail","7":"category-brasil","8":"category-economia","9":"entry","10":"gs-1","11":"gs-odd","12":"gs-even","13":"gs-featured-content-entry"},"jetpack_featured_media_url":"https:\/\/www.redenoticia.com.br\/noticia\/imagens\/economia-grafico.jpg","jetpack_sharing_enabled":true,"jetpack_likes_enabled":true,"_links":{"self":[{"href":"https:\/\/www.redenoticia.com.br\/noticia\/wp-json\/wp\/v2\/posts\/79623","targetHints":{"allow":["GET"]}}],"collection":[{"href":"https:\/\/www.redenoticia.com.br\/noticia\/wp-json\/wp\/v2\/posts"}],"about":[{"href":"https:\/\/www.redenoticia.com.br\/noticia\/wp-json\/wp\/v2\/types\/post"}],"author":[{"embeddable":true,"href":"https:\/\/www.redenoticia.com.br\/noticia\/wp-json\/wp\/v2\/users\/2"}],"replies":[{"embeddable":true,"href":"https:\/\/www.redenoticia.com.br\/noticia\/wp-json\/wp\/v2\/comments?post=79623"}],"version-history":[{"count":0,"href":"https:\/\/www.redenoticia.com.br\/noticia\/wp-json\/wp\/v2\/posts\/79623\/revisions"}],"wp:featuredmedia":[{"embeddable":true,"href":"https:\/\/www.redenoticia.com.br\/noticia\/wp-json\/wp\/v2\/media\/57583"}],"wp:attachment":[{"href":"https:\/\/www.redenoticia.com.br\/noticia\/wp-json\/wp\/v2\/media?parent=79623"}],"wp:term":[{"taxonomy":"category","embeddable":true,"href":"https:\/\/www.redenoticia.com.br\/noticia\/wp-json\/wp\/v2\/categories?post=79623"},{"taxonomy":"post_tag","embeddable":true,"href":"https:\/\/www.redenoticia.com.br\/noticia\/wp-json\/wp\/v2\/tags?post=79623"}],"curies":[{"name":"wp","href":"https:\/\/api.w.org\/{rel}","templated":true}]}}