{"id":79440,"date":"2016-01-19T22:17:20","date_gmt":"2016-01-20T00:17:20","guid":{"rendered":"http:\/\/www.redenoticia.com.br\/noticia\/?p=79440"},"modified":"2018-08-13T10:29:44","modified_gmt":"2018-08-13T13:29:44","slug":"bbb-16","status":"publish","type":"post","link":"https:\/\/www.redenoticia.com.br\/noticia\/2016\/bbb-16\/79440","title":{"rendered":"&#8220;BBB&#8221; 16: os novos brothers"},"content":{"rendered":"<p><img loading=\"lazy\" decoding=\"async\" class=\"alignleft size-medium wp-image-64481\" src=\"https:\/\/www.redenoticia.com.br\/noticia\/imagens\/bbb_noticia_globo-187x187.jpg\" alt=\"bbb_noticia_globo\" width=\"187\" height=\"187\" srcset=\"https:\/\/www.redenoticia.com.br\/noticia\/imagens\/bbb_noticia_globo-187x187.jpg 187w, https:\/\/www.redenoticia.com.br\/noticia\/imagens\/bbb_noticia_globo.jpg 300w, https:\/\/www.redenoticia.com.br\/noticia\/imagens\/bbb_noticia_globo-150x150.jpg 150w, https:\/\/www.redenoticia.com.br\/noticia\/imagens\/bbb_noticia_globo-110x110.jpg 110w, https:\/\/www.redenoticia.com.br\/noticia\/imagens\/bbb_noticia_globo-50x50.jpg 50w\" sizes=\"auto, (max-width: 187px) 100vw, 187px\" \/><strong><em>&#8220;BBB&#8221; 16<\/em><\/strong>: o programa Big Brother Brasil (&#8220;BBB&#8221;) 16 estreia em 19 de janeiro. A grande final do reality est\u00e1 prevista para acontecer no dia 05 de abril. Pedro Bial continua como apresentador. A decora\u00e7\u00e3o do &#8220;BBB&#8221; 16 \u00e9 cruel. Ap\u00f3s a reforma, o local ter\u00e1 paredes de ferro que lembram cont\u00eaineres roxo e cinza com um mezanino ao fundo. Paredes, m\u00f3veis, eletrodom\u00e9sticos e objetos v\u00e3o ter liga\u00e7\u00e3o com o ambiente de uma ind\u00fastria. A cozinha ter\u00e1 fog\u00e3o e freezer de restaurantes e os revestimentos das paredes v\u00e3o simular cont\u00eaineres e galp\u00f5es.<\/p>\n<p>Pode haver mudan\u00e7a nas regras da lideran\u00e7a. Se confirmado, dois brothers podem assumir como L\u00edder, ao mesmo tempo. Desta forma, eles devem decidir em conjunto o nome de um brother para o pared\u00e3o.<\/p>\n<p>A programa\u00e7\u00e3o da casa deve continuar inalterada: prova do L\u00edder nas quintas; prova do Anjo nas sextas ou s\u00e1bados, prova da comida aos domingos pela manh\u00e3, vota\u00e7\u00e3o dos brothers para forma\u00e7\u00e3o do Pared\u00e3o aos domingos; elimina\u00e7\u00e3o nas ter\u00e7as; festas nas quartas e sextas.<\/p>\n<p>O pr\u00eamio principal permanece em R$ 1,5 milh\u00e3o.<\/p>\n<p>Primeiros participantes:<\/p>\n<p>Ad\u00e9lia<br \/>\nAdvogada, mora em S\u00e3o Paulo e adora: estampa, brilho e roupa justa. Fez sua primeira pl\u00e1stica em 2005 e n\u00e3o parou mais. Foram tantas mudan\u00e7as no corpo, que a sister brinca: &#8220;De original, s\u00f3 a alma&#8221;.<\/p>\n<p>Alan<br \/>\nEle tem 34 anos e \u00e9 doutor em Filosofia em Natal, Rio Grande do Norte. Casado h\u00e1 seis anos e pai de dois filhos, o brother curte poesia, cultura pop, heavy metal e \u00e9 viciado em jogos eletr\u00f4nicos. O novo participante do BBB16 se define um nerd. O doutor acredita que a abstin\u00eancia sexual ser\u00e1 uma dificuldade no confinamento.<\/p>\n<p>Ana Paula<br \/>\nMineira de 34 anos. Formada em Comunica\u00e7\u00e3o, Ana Paula n\u00e3o trabalha. Solteira, ela entrega que chegava a sair com um cara por semana, mas n\u00e3o necessariamente ficava com todos que conhecia pelo aplicativo de celular.<\/p>\n<p>Daniel<br \/>\nEmpres\u00e1rio, tem 38 anos e \u00e9 carioca. Sobre um poss\u00edvel romance na casa mais vigiada do Brasil, Daniel diz que n\u00e3o est\u00e1 fechado, nem aberto para um relacionamento.<\/p>\n<p>Harumi<br \/>\nEla tem 64 anos \u00e9 jornalista e mora em S\u00e3o Paulo. Harumi j\u00e1 foi modelo por 10 anos, posou nua na d\u00e9cada de 1970, \u00e9 m\u00e3e, av\u00f3 e j\u00e1 foi namorada do astro da m\u00fasica Jimmy Cliff.<\/p>\n<p>Juliana<br \/>\nPaulista, apaixonada por pagode e bailarina do cantor Leonardo. Juliana, de 31 anos, avisa que n\u00e3o pretende ficar com ningu\u00e9m dentro da casa porque acabou de come\u00e7ar um namoro, h\u00e1 menos de um m\u00eas, e acha que um relacionamento a prejudicaria no jogo.<\/p>\n<p>La\u00e9rcio<br \/>\nO participante de 53 anos \u00e9 curitibano e designer de tatuagem. Teve v\u00e1rios relacionamentos e uma paix\u00e3o avassaladora e plat\u00f4nica, no sentido de intensidade.<\/p>\n<p>Maria Claudia<br \/>\nDe Santa Cruz, Rio Grande do Norte, Maria Claudia \u00e9 youtuber e tem 19 anos. A estudante terminou um namoro s\u00e9rio para entrar no Big Brother. Ela n\u00e3o descarta a um novo relacionamento dentro da casa.<\/p>\n<p>Munik<br \/>\nSolteira, a estudante sonha em apresentar o Jornal Nacional. Por enquanto, a goiana carimbou o passaporte para o &#8220;BBB&#8221;16. Dona Doracy, m\u00e3e da jovem de 19 anos, conta que sempre quis ter uma filha com esse nome.<\/p>\n<p>Renan<br \/>\nO modelo, nascido em Amparo, interior de S\u00e3o Paulo, tem 29 anos e \u00e9 apaixonado por exerc\u00edcios f\u00edsicos. Ele faz de tudo para se alimentar da melhor forma poss\u00edvel. Solteiro, n\u00e3o descarta um romance caso pinte um clima dentro da casa.<\/p>\n<p>Ronan<br \/>\nEstudante de filosofia, 27 anos. Teve uma virada na vida quando conquistou uma bolsa de estudos na faculdade. Ronan j\u00e1 foi auxiliar de farm\u00e1cia, auxiliar de serralheiro e carteiro.<\/p>\n<p>Tamiel<br \/>\nProfessor de Ecologia Vegetal, gosta de tocar sucessos na bateria que tem em casa. Tamiel j\u00e1 teve oportunidade de fazer shows de abertura para grandes artistas do rock nacional. Pai de tr\u00eas filhos \u2013 Thamiel, de 22 anos, Elis, de 16, e de Cau\u00e3, de 9 \u2013, o participante do BBB16 influenciou a prefer\u00eancia musical dos filhos e gosta de tocar com eles.<\/p>\n<p>E o trio de filhos \u00e9 motivo de orgulho mesmo para o brother, que se tornou pai aos 19 anos, durante o primeiro casamento. \u201cA gravidez n\u00e3o foi planejada na \u00e9poca e fiquei muito assustado. Era crian\u00e7a\u201d, relembra. Para driblar o medo, Tamiel contou com a ajuda de familiares. \u201cAs fam\u00edlias se uniram e meio que for\u00e7aram o casamento. Minha m\u00e3e foi muito hero\u00edna ao me ajudar a criar o Thamiel. Eu n\u00e3o tinha emprego na \u00e9poca. Tive que largar para fazer faculdade de Agronomia\u201d, conta o professor universit\u00e1rio. De todos os valores que Tamiel aprendeu e passa para os tr\u00eas filhos, destaca um: \u201cPositividade\u201d.<\/p>\n<p>Fonte: Rede Globo &#8220;BBB&#8221; 16<\/p>\n","protected":false},"excerpt":{"rendered":"<p>&#8220;BBB&#8221; 16: o programa Big Brother Brasil (&#8220;BBB&#8221;) 16 estreia em 19 de janeiro. A grande final do reality est\u00e1 prevista para acontecer no dia 05 de abril. Pedro Bial continua como apresentador. A decora\u00e7\u00e3o do &#8220;BBB&#8221; 16 \u00e9 cruel. Ap\u00f3s a reforma, o local ter\u00e1 paredes de ferro que lembram cont\u00eaineres roxo e cinza [&hellip;]<\/p>\n","protected":false},"author":2,"featured_media":64481,"comment_status":"open","ping_status":"closed","sticky":false,"template":"","format":"standard","meta":{"_genesis_hide_title":false,"_genesis_hide_breadcrumbs":false,"_genesis_hide_singular_image":false,"_genesis_hide_footer_widgets":false,"_genesis_custom_body_class":"","_genesis_custom_post_class":"","_genesis_layout":"","_jetpack_memberships_contains_paid_content":false,"footnotes":""},"categories":[520,375,343],"tags":[],"class_list":{"0":"post-79440","1":"post","2":"type-post","3":"status-publish","4":"format-standard","5":"has-post-thumbnail","7":"category-big-brother-brasil","8":"category-rede-globo","9":"category-televisao","10":"entry","11":"gs-1","12":"gs-odd","13":"gs-even","14":"gs-featured-content-entry"},"jetpack_featured_media_url":"https:\/\/www.redenoticia.com.br\/noticia\/imagens\/bbb_noticia_globo.jpg","jetpack_sharing_enabled":true,"jetpack_likes_enabled":true,"_links":{"self":[{"href":"https:\/\/www.redenoticia.com.br\/noticia\/wp-json\/wp\/v2\/posts\/79440","targetHints":{"allow":["GET"]}}],"collection":[{"href":"https:\/\/www.redenoticia.com.br\/noticia\/wp-json\/wp\/v2\/posts"}],"about":[{"href":"https:\/\/www.redenoticia.com.br\/noticia\/wp-json\/wp\/v2\/types\/post"}],"author":[{"embeddable":true,"href":"https:\/\/www.redenoticia.com.br\/noticia\/wp-json\/wp\/v2\/users\/2"}],"replies":[{"embeddable":true,"href":"https:\/\/www.redenoticia.com.br\/noticia\/wp-json\/wp\/v2\/comments?post=79440"}],"version-history":[{"count":0,"href":"https:\/\/www.redenoticia.com.br\/noticia\/wp-json\/wp\/v2\/posts\/79440\/revisions"}],"wp:featuredmedia":[{"embeddable":true,"href":"https:\/\/www.redenoticia.com.br\/noticia\/wp-json\/wp\/v2\/media\/64481"}],"wp:attachment":[{"href":"https:\/\/www.redenoticia.com.br\/noticia\/wp-json\/wp\/v2\/media?parent=79440"}],"wp:term":[{"taxonomy":"category","embeddable":true,"href":"https:\/\/www.redenoticia.com.br\/noticia\/wp-json\/wp\/v2\/categories?post=79440"},{"taxonomy":"post_tag","embeddable":true,"href":"https:\/\/www.redenoticia.com.br\/noticia\/wp-json\/wp\/v2\/tags?post=79440"}],"curies":[{"name":"wp","href":"https:\/\/api.w.org\/{rel}","templated":true}]}}