{"id":78870,"date":"2015-12-17T02:36:57","date_gmt":"2015-12-17T04:36:57","guid":{"rendered":"http:\/\/www.redenoticia.com.br\/noticia\/?p=78870"},"modified":"2015-12-16T21:38:43","modified_gmt":"2015-12-16T23:38:43","slug":"orcamento-destina-r-500-milhoes-para-combate-a-mosquito-da-dengue","status":"publish","type":"post","link":"https:\/\/www.redenoticia.com.br\/noticia\/2015\/orcamento-destina-r-500-milhoes-para-combate-a-mosquito-da-dengue\/78870","title":{"rendered":"Or\u00e7amento destina R$ 500 milh\u00f5es para combate a mosquito da dengue"},"content":{"rendered":"<p> O Or\u00e7amento Geral da Uni\u00e3o em 2016 contar\u00e1 com R$ 500 milh\u00f5es para o combate ao mosquito Aedes aegypti. A Comiss\u00e3o Mista de Or\u00e7amento (CMO) aprovou h\u00e1 pouco destaque que remaneja os recursos de emendas coletivas para o combate ao transmissor da <strong><em>dengue<\/em><\/strong>, da febre chikungunya e do v\u00edrus Zika.<\/p>\n<p>Dos R$ 500 milh\u00f5es, R$ 471 milh\u00f5es v\u00e3o refor\u00e7ar o Fundo Nacional de Sa\u00fade e R$ 29 milh\u00f5es ser\u00e3o destinados ao Ex\u00e9rcito. A CMO tamb\u00e9m aprovou destaques que reduzem em R$ 220 milh\u00f5es o corte do or\u00e7amento da Justi\u00e7a do Trabalho. Com a recomposi\u00e7\u00e3o, o corte no custeio (gastos de manuten\u00e7\u00e3o) da Justi\u00e7a do Trabalho ficar\u00e1 pr\u00f3ximo de 20% em rela\u00e7\u00e3o \u00e0 proposta original, pr\u00f3ximo \u00e0 dota\u00e7\u00e3o para as demais inst\u00e2ncias da Justi\u00e7a Federal.<\/p>\n<p>Mais cedo, a comiss\u00e3o tinha aprovado os destaques que cancelavam o corte de R$ 10 bilh\u00f5es na verba do Programa Bolsa Fam\u00edlia para o pr\u00f3ximo ano. O relator-geral do Or\u00e7amento, deputado Ricardo Barros (PP-PR), queria manter a redu\u00e7\u00e3o da verba, mas parlamentares propuseram um destaque para votar o tema.<\/p>\n<p>O Or\u00e7amento Geral da Uni\u00e3o de 2016 est\u00e1 com o texto-base aprovado. Assim que a CMO concluir a vota\u00e7\u00e3o, o presidente do Senado, Renan Calheiros (PMDB-AL), pretende reabrir a sess\u00e3o conjunta da C\u00e2mara e do Senado para votar a Lei de Diretrizes Or\u00e7ament\u00e1rias (LDO) no plen\u00e1rio do Congresso ainda hoje.<\/p>\n<p> Wellton M\u00e1ximo &#8211; Rep\u00f3rter da Ag\u00eancia Brasil<br \/>\nEdi\u00e7\u00e3o: A\u00e9cio Amado<br \/>\n17\/12\/2015<\/p>\n","protected":false},"excerpt":{"rendered":"<p>O Or\u00e7amento Geral da Uni\u00e3o em 2016 contar\u00e1 com R$ 500 milh\u00f5es para o combate ao mosquito Aedes aegypti. A Comiss\u00e3o Mista de Or\u00e7amento (CMO) aprovou h\u00e1 pouco destaque que remaneja os recursos de emendas coletivas para o combate ao transmissor da dengue, da febre chikungunya e do v\u00edrus Zika. Dos R$ 500 milh\u00f5es, R$ [&hellip;]<\/p>\n","protected":false},"author":2,"featured_media":40847,"comment_status":"open","ping_status":"closed","sticky":false,"template":"","format":"standard","meta":{"_genesis_hide_title":false,"_genesis_hide_breadcrumbs":false,"_genesis_hide_singular_image":false,"_genesis_hide_footer_widgets":false,"_genesis_custom_body_class":"","_genesis_custom_post_class":"","_genesis_layout":"","_jetpack_memberships_contains_paid_content":false,"footnotes":""},"categories":[22],"tags":[],"class_list":{"0":"post-78870","1":"post","2":"type-post","3":"status-publish","4":"format-standard","5":"has-post-thumbnail","7":"category-brasil","8":"entry","9":"gs-1","10":"gs-odd","11":"gs-even","12":"gs-featured-content-entry"},"jetpack_featured_media_url":"https:\/\/www.redenoticia.com.br\/noticia\/imagens\/dengue-combate.jpg","jetpack_sharing_enabled":true,"jetpack_likes_enabled":true,"_links":{"self":[{"href":"https:\/\/www.redenoticia.com.br\/noticia\/wp-json\/wp\/v2\/posts\/78870","targetHints":{"allow":["GET"]}}],"collection":[{"href":"https:\/\/www.redenoticia.com.br\/noticia\/wp-json\/wp\/v2\/posts"}],"about":[{"href":"https:\/\/www.redenoticia.com.br\/noticia\/wp-json\/wp\/v2\/types\/post"}],"author":[{"embeddable":true,"href":"https:\/\/www.redenoticia.com.br\/noticia\/wp-json\/wp\/v2\/users\/2"}],"replies":[{"embeddable":true,"href":"https:\/\/www.redenoticia.com.br\/noticia\/wp-json\/wp\/v2\/comments?post=78870"}],"version-history":[{"count":0,"href":"https:\/\/www.redenoticia.com.br\/noticia\/wp-json\/wp\/v2\/posts\/78870\/revisions"}],"wp:featuredmedia":[{"embeddable":true,"href":"https:\/\/www.redenoticia.com.br\/noticia\/wp-json\/wp\/v2\/media\/40847"}],"wp:attachment":[{"href":"https:\/\/www.redenoticia.com.br\/noticia\/wp-json\/wp\/v2\/media?parent=78870"}],"wp:term":[{"taxonomy":"category","embeddable":true,"href":"https:\/\/www.redenoticia.com.br\/noticia\/wp-json\/wp\/v2\/categories?post=78870"},{"taxonomy":"post_tag","embeddable":true,"href":"https:\/\/www.redenoticia.com.br\/noticia\/wp-json\/wp\/v2\/tags?post=78870"}],"curies":[{"name":"wp","href":"https:\/\/api.w.org\/{rel}","templated":true}]}}