{"id":78742,"date":"2015-12-14T18:27:44","date_gmt":"2015-12-14T20:27:44","guid":{"rendered":"http:\/\/www.redenoticia.com.br\/noticia\/?p=78742"},"modified":"2015-12-14T18:27:44","modified_gmt":"2015-12-14T20:27:44","slug":"pesquisa-indica-que-333-dos-consumidores-usarao-13o-para-quitar-dividas","status":"publish","type":"post","link":"https:\/\/www.redenoticia.com.br\/noticia\/2015\/pesquisa-indica-que-333-dos-consumidores-usarao-13o-para-quitar-dividas\/78742","title":{"rendered":"Pesquisa indica que 33,3% dos consumidores usar\u00e3o 13\u00ba para quitar d\u00edvidas"},"content":{"rendered":"<p> Pesquisa da Associa\u00e7\u00e3o Comercial de S\u00e3o Paulo (ACSP) indica que 33,3% dos consumidores brasileiros usar\u00e3o o dinheiro da segunda parcela do <strong><em>d\u00e9cimo terceiro<\/em><\/strong> sal\u00e1rio para quitar d\u00edvidas. De acordo com os n\u00fameros, 27,1% ir\u00e3o guard\u00e1-lo. A pesquisa foi feita com 1,2 mil pessoas em 72 munic\u00edpios do pa\u00eds, entre 14 a 28 de novembro.<\/p>\n<p>De acordo com a Associa\u00e7\u00e3o Comercial, esse \u00e9 o maior porcentual de consumidores cautelosos (60,4%) &#8211; somat\u00f3ria daqueles que v\u00e3o guardar o d\u00e9cimo terceiro ou gast\u00e1-lo para pagar d\u00edvida \u2013 desde 2009, quando a pesquisa come\u00e7ou a ser feita. Em 2014, essa parcela atingiu 50%.<\/p>\n<p>&#8220;Isso demonstra um crescimento da desconfian\u00e7a do brasileiro em rela\u00e7\u00e3o ao atual momento econ\u00f4mico do pa\u00eds. Os resultados tamb\u00e9m indicam, como j\u00e1 era esperado, que o Natal em 2015 ser\u00e1 bastante modesto&#8221;, informou, em nota, Alencar Burti, presidente da ACSP.<\/p>\n<p>O levantamento mostra que 14,6% dos entrevistados comprar\u00e3o presentes com o sal\u00e1rio extra de fim de ano e 6,3% v\u00e3o viajar (em 2014 essa parcela era de 9,5%). A op\u00e7\u00e3o \u201ccomprar roupa nova para as festas de fim de ano\u201d foi citada por 2,1% dos entrevistados (no ano passado essa parcela chegou a 1%). \u201cReformar a casa&#8221; foi lembrado por 1% (em 2014 foram 2,4%).<\/p>\n<p>Em 2015 os indecisos somaram 14,6%, ante 16,7% em 2014.<\/p>\n<p>Bruno Bocchini &#8211; Rep\u00f3rter da Ag\u00eancia Brasil<br \/>\nEdi\u00e7\u00e3o: Armando Cardoso<br \/>\n14\/12\/2015 <\/p>\n","protected":false},"excerpt":{"rendered":"<p>Pesquisa da Associa\u00e7\u00e3o Comercial de S\u00e3o Paulo (ACSP) indica que 33,3% dos consumidores brasileiros usar\u00e3o o dinheiro da segunda parcela do d\u00e9cimo terceiro sal\u00e1rio para quitar d\u00edvidas. De acordo com os n\u00fameros, 27,1% ir\u00e3o guard\u00e1-lo. A pesquisa foi feita com 1,2 mil pessoas em 72 munic\u00edpios do pa\u00eds, entre 14 a 28 de novembro. De [&hellip;]<\/p>\n","protected":false},"author":2,"featured_media":57584,"comment_status":"open","ping_status":"closed","sticky":false,"template":"","format":"standard","meta":{"_genesis_hide_title":false,"_genesis_hide_breadcrumbs":false,"_genesis_hide_singular_image":false,"_genesis_hide_footer_widgets":false,"_genesis_custom_body_class":"","_genesis_custom_post_class":"","_genesis_layout":"","_jetpack_memberships_contains_paid_content":false,"footnotes":""},"categories":[22,7],"tags":[],"class_list":{"0":"post-78742","1":"post","2":"type-post","3":"status-publish","4":"format-standard","5":"has-post-thumbnail","7":"category-brasil","8":"category-economia","9":"entry","10":"gs-1","11":"gs-odd","12":"gs-even","13":"gs-featured-content-entry"},"jetpack_featured_media_url":"https:\/\/www.redenoticia.com.br\/noticia\/imagens\/economia-grafica-analise-inflacao.jpg","jetpack_sharing_enabled":true,"jetpack_likes_enabled":true,"_links":{"self":[{"href":"https:\/\/www.redenoticia.com.br\/noticia\/wp-json\/wp\/v2\/posts\/78742","targetHints":{"allow":["GET"]}}],"collection":[{"href":"https:\/\/www.redenoticia.com.br\/noticia\/wp-json\/wp\/v2\/posts"}],"about":[{"href":"https:\/\/www.redenoticia.com.br\/noticia\/wp-json\/wp\/v2\/types\/post"}],"author":[{"embeddable":true,"href":"https:\/\/www.redenoticia.com.br\/noticia\/wp-json\/wp\/v2\/users\/2"}],"replies":[{"embeddable":true,"href":"https:\/\/www.redenoticia.com.br\/noticia\/wp-json\/wp\/v2\/comments?post=78742"}],"version-history":[{"count":0,"href":"https:\/\/www.redenoticia.com.br\/noticia\/wp-json\/wp\/v2\/posts\/78742\/revisions"}],"wp:featuredmedia":[{"embeddable":true,"href":"https:\/\/www.redenoticia.com.br\/noticia\/wp-json\/wp\/v2\/media\/57584"}],"wp:attachment":[{"href":"https:\/\/www.redenoticia.com.br\/noticia\/wp-json\/wp\/v2\/media?parent=78742"}],"wp:term":[{"taxonomy":"category","embeddable":true,"href":"https:\/\/www.redenoticia.com.br\/noticia\/wp-json\/wp\/v2\/categories?post=78742"},{"taxonomy":"post_tag","embeddable":true,"href":"https:\/\/www.redenoticia.com.br\/noticia\/wp-json\/wp\/v2\/tags?post=78742"}],"curies":[{"name":"wp","href":"https:\/\/api.w.org\/{rel}","templated":true}]}}