{"id":78740,"date":"2015-12-14T18:26:52","date_gmt":"2015-12-14T20:26:52","guid":{"rendered":"http:\/\/www.redenoticia.com.br\/noticia\/?p=78740"},"modified":"2015-12-14T18:26:52","modified_gmt":"2015-12-14T20:26:52","slug":"receita-cobrara-r-2-bilhoes-de-empresas-incluidas-na-malha-fina","status":"publish","type":"post","link":"https:\/\/www.redenoticia.com.br\/noticia\/2015\/receita-cobrara-r-2-bilhoes-de-empresas-incluidas-na-malha-fina\/78740","title":{"rendered":"Receita cobrar\u00e1 R$ 2 bilh\u00f5es de empresas inclu\u00eddas na malha fina"},"content":{"rendered":"<p> Cerca de 15 mil empresas em todo o pa\u00eds ser\u00e3o avisadas de que foram inclu\u00eddas na <strong><em>malha fina<\/em><\/strong> da pessoa jur\u00eddica. A Receita Federal detectou suspeita de sonega\u00e7\u00e3o de R$ 2 bilh\u00f5es provenientes da diferen\u00e7a entre os valores pagos de Imposto de Renda Pessoa Jur\u00eddica (IRPJ) e de Contribui\u00e7\u00e3o Social sobre o Lucro L\u00edquido (CSLL) e os valores informados na Declara\u00e7\u00e3o de Tributos e Contribui\u00e7\u00f5es Federais (DCTF) do ano-base de 2013.<\/p>\n<p>O Fisco enviar\u00e1 cartas aos endere\u00e7os cadastrais das pessoas jur\u00eddicas, informando que os contribuintes t\u00eam at\u00e9 fevereiro para regularizar a situa\u00e7\u00e3o. Quem n\u00e3o retificar as informa\u00e7\u00f5es fornecidas ou o tributo pago a menos dentro do prazo ser\u00e1 autuado e, dependendo do caso, poder\u00e1 ser denunciado ao Minist\u00e9rio P\u00fablico Federal por crime de sonega\u00e7\u00e3o.<\/p>\n<p>\u201cNeste primeiro momento, o objetivo \u00e9 dar oportunidade para se autorregularizar em vez de punir com multas que podem chegar a 225%\u201d, diz o coordenador-geral de Fiscaliza\u00e7\u00e3o da Receita, Fl\u00e1vio Vilela Campos. A autorregulariza\u00e7\u00e3o pode ser feita no Centro de Atendimento Virtual da Receita (e-CAC).<\/p>\n<p>Esta \u00e9 a segunda vez que a Receita realiza a fiscaliza\u00e7\u00e3o da malha fina das pessoas jur\u00eddicas. Em fevereiro deste ano, o Fisco enviou 25,6 mil cartas a contribuintes relativas a diverg\u00eancias entre a DCTF e o pagamento de IRPJ e da CSLL em 2012. Do total de R$ 7 bilh\u00f5es detectados pela Receita na \u00e9poca, os empres\u00e1rios retificaram e pagaram R$ 6 bilh\u00f5es por meio da autorregulariza\u00e7\u00e3o.<\/p>\n<p>A diferen\u00e7a de R$ 1 bilh\u00e3o n\u00e3o regularizada no primeiro lote da malha fina das pessoas jur\u00eddicas ser\u00e1 cobrada em fevereiro de 2016, junto com o segundo lote da malha fina anunciado hoje. \u201cOptamos por juntar a fiscaliza\u00e7\u00e3o de dois anos-calend\u00e1rio para dar mais efici\u00eancia aos trabalhos\u201d, justificou o coordenador da Receita. Segundo ele, cerca de 1,3 mil contribuintes n\u00e3o fizeram a autorregulariza\u00e7\u00e3o.<\/p>\n<p>Segundo Campos, a Receita promover\u00e1 mais cruzamentos de dados em 2016 para elaborar mais listas de malha fina de empresas. A fiscaliza\u00e7\u00e3o n\u00e3o se restringir\u00e1 ao IRPJ e \u00e0 CSLL, abrangendo as notas fiscais eletr\u00f4nicas e o pagamento da contribui\u00e7\u00e3o dos empres\u00e1rios \u00e0 Previd\u00eancia Social.<\/p>\n<p>Wellton M\u00e1ximo \u2013 Rep\u00f3rter da Ag\u00eancia Brasil<br \/>\nEdi\u00e7\u00e3o: N\u00e1dia Franco<br \/>\n14\/12\/2015<\/p>\n","protected":false},"excerpt":{"rendered":"<p>Cerca de 15 mil empresas em todo o pa\u00eds ser\u00e3o avisadas de que foram inclu\u00eddas na malha fina da pessoa jur\u00eddica. A Receita Federal detectou suspeita de sonega\u00e7\u00e3o de R$ 2 bilh\u00f5es provenientes da diferen\u00e7a entre os valores pagos de Imposto de Renda Pessoa Jur\u00eddica (IRPJ) e de Contribui\u00e7\u00e3o Social sobre o Lucro L\u00edquido (CSLL) [&hellip;]<\/p>\n","protected":false},"author":2,"featured_media":23889,"comment_status":"open","ping_status":"closed","sticky":false,"template":"","format":"standard","meta":{"_genesis_hide_title":false,"_genesis_hide_breadcrumbs":false,"_genesis_hide_singular_image":false,"_genesis_hide_footer_widgets":false,"_genesis_custom_body_class":"","_genesis_custom_post_class":"","_genesis_layout":"","_jetpack_memberships_contains_paid_content":false,"footnotes":""},"categories":[22,7],"tags":[],"class_list":{"0":"post-78740","1":"post","2":"type-post","3":"status-publish","4":"format-standard","5":"has-post-thumbnail","7":"category-brasil","8":"category-economia","9":"entry","10":"gs-1","11":"gs-odd","12":"gs-even","13":"gs-featured-content-entry"},"jetpack_featured_media_url":"https:\/\/www.redenoticia.com.br\/noticia\/imagens\/receita-federal-irpf-2010.jpg","jetpack_sharing_enabled":true,"jetpack_likes_enabled":true,"_links":{"self":[{"href":"https:\/\/www.redenoticia.com.br\/noticia\/wp-json\/wp\/v2\/posts\/78740","targetHints":{"allow":["GET"]}}],"collection":[{"href":"https:\/\/www.redenoticia.com.br\/noticia\/wp-json\/wp\/v2\/posts"}],"about":[{"href":"https:\/\/www.redenoticia.com.br\/noticia\/wp-json\/wp\/v2\/types\/post"}],"author":[{"embeddable":true,"href":"https:\/\/www.redenoticia.com.br\/noticia\/wp-json\/wp\/v2\/users\/2"}],"replies":[{"embeddable":true,"href":"https:\/\/www.redenoticia.com.br\/noticia\/wp-json\/wp\/v2\/comments?post=78740"}],"version-history":[{"count":0,"href":"https:\/\/www.redenoticia.com.br\/noticia\/wp-json\/wp\/v2\/posts\/78740\/revisions"}],"wp:featuredmedia":[{"embeddable":true,"href":"https:\/\/www.redenoticia.com.br\/noticia\/wp-json\/wp\/v2\/media\/23889"}],"wp:attachment":[{"href":"https:\/\/www.redenoticia.com.br\/noticia\/wp-json\/wp\/v2\/media?parent=78740"}],"wp:term":[{"taxonomy":"category","embeddable":true,"href":"https:\/\/www.redenoticia.com.br\/noticia\/wp-json\/wp\/v2\/categories?post=78740"},{"taxonomy":"post_tag","embeddable":true,"href":"https:\/\/www.redenoticia.com.br\/noticia\/wp-json\/wp\/v2\/tags?post=78740"}],"curies":[{"name":"wp","href":"https:\/\/api.w.org\/{rel}","templated":true}]}}