{"id":78734,"date":"2015-12-18T15:09:19","date_gmt":"2015-12-18T17:09:19","guid":{"rendered":"http:\/\/www.redenoticia.com.br\/noticia\/?p=78734"},"modified":"2015-12-18T15:09:29","modified_gmt":"2015-12-18T17:09:29","slug":"vai-viajar-com-seu-animal-de-estimacao-veja-os-cuidados","status":"publish","type":"post","link":"https:\/\/www.redenoticia.com.br\/noticia\/2015\/vai-viajar-com-seu-animal-de-estimacao-veja-os-cuidados\/78734","title":{"rendered":"Vai viajar com seu animal de estima\u00e7\u00e3o? Veja os cuidados"},"content":{"rendered":"<p>Para muitas pessoas, o <strong><em>animal de estima\u00e7\u00e3o<\/em><\/strong> \u00e9 parte da fam\u00edlia e costuma acompanhar os familiares em todos os momentos, inclusive nas viagens. Com as f\u00e9rias do final do ano vem tamb\u00e9m os planos de pegar a estrada. Por isso \u00e9 bom saber os cuidados para levar o cachorro ou o gato para o passeio.<\/p>\n<p>Voc\u00ea sabia que o animal n\u00e3o pode ser transportado solto ou no colo dentro do carro? A Funda\u00e7\u00e3o Procon-SP conta com um  com dicas para o transporte de animais no carro, \u00f4nibus e avi\u00e3o.<\/p>\n<p>Para viagens a\u00e9reas, o transporte de animais \u00e9 cobrado \u00e0 parte e o dono precisa reservar a passagem com anteced\u00eancia. Para viajar de \u00f4nibus, \u00e9 necess\u00e1rio apresentar atestado que comprove as boas condi\u00e7\u00f5es de sa\u00fade do bichinho. Vale ressaltar que para usu\u00e1rios de c\u00e3o-guia n\u00e3o \u00e9 necess\u00e1rio pagar pelo transporte.<\/p>\n<p>Do Portal do Governo do Estado SP<br \/>\n&#8212;<\/p>\n<p>Criada pela Lei n\u00ba 9.192, de 23 de Novembro de 1995, e Decreto n\u00ba 41.170, de 23 de setembro de 1996, a Funda\u00e7\u00e3o Procon-SP \u00e9 uma institui\u00e7\u00e3o vinculada \u00e0 Secretaria da Justi\u00e7a e da Defesa da Cidadania do Estado de S\u00e3o Paulo e tem personalidade jur\u00eddica de direito p\u00fablico, com autonomia t\u00e9cnica, administrativa e financeira.<\/p>\n<p>O Procon-SP tem como miss\u00e3o principal equilibrar e harmonizar as rela\u00e7\u00f5es entre consumidores e fornecedores. Tendo por objetivo elaborar e executar a pol\u00edtica de prote\u00e7\u00e3o e defesa dos consumidores do Estado de S\u00e3o Paulo.<\/p>\n","protected":false},"excerpt":{"rendered":"<p>Para muitas pessoas, o animal de estima\u00e7\u00e3o \u00e9 parte da fam\u00edlia e costuma acompanhar os familiares em todos os momentos, inclusive nas viagens. Com as f\u00e9rias do final do ano vem tamb\u00e9m os planos de pegar a estrada. Por isso \u00e9 bom saber os cuidados para levar o cachorro ou o gato para o passeio. [&hellip;]<\/p>\n","protected":false},"author":2,"featured_media":36828,"comment_status":"open","ping_status":"closed","sticky":false,"template":"","format":"standard","meta":{"_genesis_hide_title":false,"_genesis_hide_breadcrumbs":false,"_genesis_hide_singular_image":false,"_genesis_hide_footer_widgets":false,"_genesis_custom_body_class":"","_genesis_custom_post_class":"","_genesis_layout":"","_jetpack_memberships_contains_paid_content":false,"footnotes":""},"categories":[22],"tags":[],"class_list":{"0":"post-78734","1":"post","2":"type-post","3":"status-publish","4":"format-standard","5":"has-post-thumbnail","7":"category-brasil","8":"entry","9":"gs-1","10":"gs-odd","11":"gs-even","12":"gs-featured-content-entry"},"jetpack_featured_media_url":"https:\/\/www.redenoticia.com.br\/noticia\/imagens\/pet1.jpg","jetpack_sharing_enabled":true,"jetpack_likes_enabled":true,"_links":{"self":[{"href":"https:\/\/www.redenoticia.com.br\/noticia\/wp-json\/wp\/v2\/posts\/78734","targetHints":{"allow":["GET"]}}],"collection":[{"href":"https:\/\/www.redenoticia.com.br\/noticia\/wp-json\/wp\/v2\/posts"}],"about":[{"href":"https:\/\/www.redenoticia.com.br\/noticia\/wp-json\/wp\/v2\/types\/post"}],"author":[{"embeddable":true,"href":"https:\/\/www.redenoticia.com.br\/noticia\/wp-json\/wp\/v2\/users\/2"}],"replies":[{"embeddable":true,"href":"https:\/\/www.redenoticia.com.br\/noticia\/wp-json\/wp\/v2\/comments?post=78734"}],"version-history":[{"count":0,"href":"https:\/\/www.redenoticia.com.br\/noticia\/wp-json\/wp\/v2\/posts\/78734\/revisions"}],"wp:featuredmedia":[{"embeddable":true,"href":"https:\/\/www.redenoticia.com.br\/noticia\/wp-json\/wp\/v2\/media\/36828"}],"wp:attachment":[{"href":"https:\/\/www.redenoticia.com.br\/noticia\/wp-json\/wp\/v2\/media?parent=78734"}],"wp:term":[{"taxonomy":"category","embeddable":true,"href":"https:\/\/www.redenoticia.com.br\/noticia\/wp-json\/wp\/v2\/categories?post=78734"},{"taxonomy":"post_tag","embeddable":true,"href":"https:\/\/www.redenoticia.com.br\/noticia\/wp-json\/wp\/v2\/tags?post=78734"}],"curies":[{"name":"wp","href":"https:\/\/api.w.org\/{rel}","templated":true}]}}