{"id":78656,"date":"2015-12-11T16:40:51","date_gmt":"2015-12-11T18:40:51","guid":{"rendered":"http:\/\/www.redenoticia.com.br\/noticia\/?p=78656"},"modified":"2015-12-11T16:40:51","modified_gmt":"2015-12-11T18:40:51","slug":"safra-agricola-deve-cair-1-no-proximo-ano-estima-ibge","status":"publish","type":"post","link":"https:\/\/www.redenoticia.com.br\/noticia\/2015\/safra-agricola-deve-cair-1-no-proximo-ano-estima-ibge\/78656","title":{"rendered":"Safra agr\u00edcola deve cair 1% no pr\u00f3ximo ano, estima IBGE"},"content":{"rendered":"<p>O Instituto Brasileiro de Geografia e Estat\u00edstica (IBGE) estima que a <em><strong>safra<\/strong> <\/em>de cereais, leguminosas e oleaginosas dever\u00e1 ficar em 209,3 milh\u00f5es de toneladas no pr\u00f3ximo ano, de acordo com seu segundo progn\u00f3stico para 2016. A estimativa \u00e9 1% inferior \u00e0 previs\u00e3o para 2015, feita em novembro deste ano, pelo Levantamento Sistem\u00e1tico de Produ\u00e7\u00e3o Agr\u00edcola (LPSA) do IBGE.<\/p>\n<p>Apesar da queda na safra total, \u00e9 esperada uma produ\u00e7\u00e3o recorde de soja (101,5 milh\u00f5es de toneladas), a principal lavoura de gr\u00e3os do pa\u00eds. A expectativa \u00e9 que a safra do produto seja 4,7% superior \u00e0 deste ano.<\/p>\n<p>As produ\u00e7\u00f5es de arroz e da primeira safra de milho, no entanto, dever\u00e3o ser inferiores \u00e0s observadas neste ano. As quedas esperadas s\u00e3o 0,7% para o arroz e 2,3% para a primeira safra de milho. Tamb\u00e9m s\u00e3o esperadas redu\u00e7\u00f5es em outros produtos, como por exemplo, a primeira safra de feij\u00e3o (-1,5%) e a produ\u00e7\u00e3o de algod\u00e3o herb\u00e1ceo (-4,9%).<\/p>\n<p>Vitor Abdala \u2013 Rep\u00f3rter da Ag\u00eancia Brasil<br \/>\nEdi\u00e7\u00e3o: Jos\u00e9 Romildo<br \/>\n11\/12\/2015<br \/>\n&#8212;<br \/>\nA Empresa Brasil de Comunica\u00e7\u00e3o \u00e9 uma institui\u00e7\u00e3o da democracia brasileira: p\u00fablica, inclusiva e cidad\u00e3. Criada em 2007 para fortalecer o sistema p\u00fablico de comunica\u00e7\u00e3o, \u00e9 gestora dos canais TV Brasil, TV Brasil Internacional, Ag\u00eancia Brasil, Radioag\u00eancia Nacional e do sistema p\u00fablico de R\u00e1dio \u2013 composto por oito emissoras. Estes, por sua independ\u00eancia editorial, distinguem-se dos canais estatais ou governamentais, com conte\u00fados diferenciados e complementares aos canais privados. Os ve\u00edculos da EBC t\u00eam autonomia para definir produ\u00e7\u00e3o, programa\u00e7\u00e3o e distribui\u00e7\u00e3o de conte\u00fados.<\/p>\n","protected":false},"excerpt":{"rendered":"<p>O Instituto Brasileiro de Geografia e Estat\u00edstica (IBGE) estima que a safra de cereais, leguminosas e oleaginosas dever\u00e1 ficar em 209,3 milh\u00f5es de toneladas no pr\u00f3ximo ano, de acordo com seu segundo progn\u00f3stico para 2016. A estimativa \u00e9 1% inferior \u00e0 previs\u00e3o para 2015, feita em novembro deste ano, pelo Levantamento Sistem\u00e1tico de Produ\u00e7\u00e3o Agr\u00edcola [&hellip;]<\/p>\n","protected":false},"author":2,"featured_media":57585,"comment_status":"open","ping_status":"closed","sticky":false,"template":"","format":"standard","meta":{"_genesis_hide_title":false,"_genesis_hide_breadcrumbs":false,"_genesis_hide_singular_image":false,"_genesis_hide_footer_widgets":false,"_genesis_custom_body_class":"","_genesis_custom_post_class":"","_genesis_layout":"","_jetpack_memberships_contains_paid_content":false,"footnotes":""},"categories":[22,7],"tags":[],"class_list":{"0":"post-78656","1":"post","2":"type-post","3":"status-publish","4":"format-standard","5":"has-post-thumbnail","7":"category-brasil","8":"category-economia","9":"entry","10":"gs-1","11":"gs-odd","12":"gs-even","13":"gs-featured-content-entry"},"jetpack_featured_media_url":"https:\/\/www.redenoticia.com.br\/noticia\/imagens\/analise-economia.jpg","jetpack_sharing_enabled":true,"jetpack_likes_enabled":true,"_links":{"self":[{"href":"https:\/\/www.redenoticia.com.br\/noticia\/wp-json\/wp\/v2\/posts\/78656","targetHints":{"allow":["GET"]}}],"collection":[{"href":"https:\/\/www.redenoticia.com.br\/noticia\/wp-json\/wp\/v2\/posts"}],"about":[{"href":"https:\/\/www.redenoticia.com.br\/noticia\/wp-json\/wp\/v2\/types\/post"}],"author":[{"embeddable":true,"href":"https:\/\/www.redenoticia.com.br\/noticia\/wp-json\/wp\/v2\/users\/2"}],"replies":[{"embeddable":true,"href":"https:\/\/www.redenoticia.com.br\/noticia\/wp-json\/wp\/v2\/comments?post=78656"}],"version-history":[{"count":0,"href":"https:\/\/www.redenoticia.com.br\/noticia\/wp-json\/wp\/v2\/posts\/78656\/revisions"}],"wp:featuredmedia":[{"embeddable":true,"href":"https:\/\/www.redenoticia.com.br\/noticia\/wp-json\/wp\/v2\/media\/57585"}],"wp:attachment":[{"href":"https:\/\/www.redenoticia.com.br\/noticia\/wp-json\/wp\/v2\/media?parent=78656"}],"wp:term":[{"taxonomy":"category","embeddable":true,"href":"https:\/\/www.redenoticia.com.br\/noticia\/wp-json\/wp\/v2\/categories?post=78656"},{"taxonomy":"post_tag","embeddable":true,"href":"https:\/\/www.redenoticia.com.br\/noticia\/wp-json\/wp\/v2\/tags?post=78656"}],"curies":[{"name":"wp","href":"https:\/\/api.w.org\/{rel}","templated":true}]}}