{"id":78601,"date":"2015-12-10T15:50:01","date_gmt":"2015-12-10T17:50:01","guid":{"rendered":"http:\/\/www.redenoticia.com.br\/noticia\/?p=78601"},"modified":"2015-12-10T15:50:01","modified_gmt":"2015-12-10T17:50:01","slug":"pesquisa-do-serasa-aponta-desemprego-como-principal-razao-da-inadimplencia","status":"publish","type":"post","link":"https:\/\/www.redenoticia.com.br\/noticia\/2015\/pesquisa-do-serasa-aponta-desemprego-como-principal-razao-da-inadimplencia\/78601","title":{"rendered":"Pesquisa do Serasa aponta desemprego como principal raz\u00e3o da inadimpl\u00eancia"},"content":{"rendered":"<p> Pesquisa divulgada pelo Serasa apontou o desemprego como principal motivo da <strong><em>inadimpl\u00eancia<\/em><\/strong> dos brasileiros. Segundo o levantamento, realizado com 8.288 consumidores, 26% dos entrevistados disseram que a perda do emprego \u00e9 a explica\u00e7\u00e3o para as contas atrasadas. A segunda raz\u00e3o mais apontada, citada por 17% dos consumidores, \u00e9 o descontrole financeiro.<\/p>\n<p>O economista Luiz Rabi, da Serasa, informou que \u00e9 a primeira vez que a empresa realiza um levantamento do tipo. As informa\u00e7\u00f5es foram obtidas por meio de enquetes com consumidores negativados que compareceram \u00e0s ag\u00eancias da Serasa.<\/p>\n<p> Rabi chamou aten\u00e7\u00e3o para o resultado em um momento em que h\u00e1 crescimento simult\u00e2neo da inadimpl\u00eancia e do desemprego. De acordo com o economista, h\u00e1 alguns anos a inadimpl\u00eancia tamb\u00e9m estava aumentando, mas o desemprego estava em queda.<\/p>\n<p>\u201cTivemos, tamb\u00e9m em 2011 e 2012, um surto de inadimpl\u00eancia no pa\u00eds. S\u00f3 que, naquela \u00e9poca, o desemprego estava em queda. O que estava muito forte era o cr\u00e9dito. Se a mesma pesquisa tivesse sido feita no per\u00edodo, provavelmente o desemprego n\u00e3o seria a principal causa da inadimpl\u00eancia, mas sim o descontrole financeiro.\u201d<\/p>\n<p>Segundo dados da Serasa, em 2011 a inadimpl\u00eancia cresceu 21,5% e, em 2012, 15%. Em 2013, o n\u00famero de inadimplentes caiu 1,9%. Em 2014 voltou a crescer, aumentando 6,3%. Em 2015, a inadimpl\u00eancia registrou alta de 17% de janeiro a agosto na compara\u00e7\u00e3o com igual per\u00edodo do ano passado.<\/p>\n<p>Do lado do desemprego, informa\u00e7\u00f5es do Cadastro Geral de Empregados e Desempregados (Caged) do Minist\u00e9rio do Trabalho mostram que outubro foi o s\u00e9timo m\u00eas seguido de fechamento de vagas formais. Naquele m\u00eas, o Brasil fechou 169.131 postos de trabalho e teve a menor gera\u00e7\u00e3o de empregos para o per\u00edodo desde 1992, ano de in\u00edcio da s\u00e9rie hist\u00f3rica.<\/p>\n<p>Al\u00e9m da perda de emprego e descontrole, os demais motivos indicados na pesquisa da Serasa para inadimpl\u00eancia foram o esquecimento do pagamento de contas (7%), empr\u00e9stimo do nome a terceiros (7%), despesas extras com servi\u00e7os, educa\u00e7\u00e3o e sa\u00fade (7%), ser v\u00edtima de fraude (5%), alta dos pre\u00e7os (5%), diminui\u00e7\u00e3o da renda pessoal e\/ou familiar (5%), atraso de sal\u00e1rios (3%) e doen\u00e7a ou morte na fam\u00edlia (3%).<\/p>\n<p>Mariana Branco &#8211; Rep\u00f3rter da Ag\u00eancia Brasil<br \/>\nEdi\u00e7\u00e3o: Armando Cardoso<br \/>\n10\/12\/2015 <\/p>\n","protected":false},"excerpt":{"rendered":"<p>Pesquisa divulgada pelo Serasa apontou o desemprego como principal motivo da inadimpl\u00eancia dos brasileiros. Segundo o levantamento, realizado com 8.288 consumidores, 26% dos entrevistados disseram que a perda do emprego \u00e9 a explica\u00e7\u00e3o para as contas atrasadas. A segunda raz\u00e3o mais apontada, citada por 17% dos consumidores, \u00e9 o descontrole financeiro. O economista Luiz Rabi, [&hellip;]<\/p>\n","protected":false},"author":2,"featured_media":38938,"comment_status":"open","ping_status":"closed","sticky":false,"template":"","format":"standard","meta":{"_genesis_hide_title":false,"_genesis_hide_breadcrumbs":false,"_genesis_hide_singular_image":false,"_genesis_hide_footer_widgets":false,"_genesis_custom_body_class":"","_genesis_custom_post_class":"","_genesis_layout":"","_jetpack_memberships_contains_paid_content":false,"footnotes":""},"categories":[22,7],"tags":[],"class_list":{"0":"post-78601","1":"post","2":"type-post","3":"status-publish","4":"format-standard","5":"has-post-thumbnail","7":"category-brasil","8":"category-economia","9":"entry","10":"gs-1","11":"gs-odd","12":"gs-even","13":"gs-featured-content-entry"},"jetpack_featured_media_url":"https:\/\/www.redenoticia.com.br\/noticia\/imagens\/economia1.jpg","jetpack_sharing_enabled":true,"jetpack_likes_enabled":true,"_links":{"self":[{"href":"https:\/\/www.redenoticia.com.br\/noticia\/wp-json\/wp\/v2\/posts\/78601","targetHints":{"allow":["GET"]}}],"collection":[{"href":"https:\/\/www.redenoticia.com.br\/noticia\/wp-json\/wp\/v2\/posts"}],"about":[{"href":"https:\/\/www.redenoticia.com.br\/noticia\/wp-json\/wp\/v2\/types\/post"}],"author":[{"embeddable":true,"href":"https:\/\/www.redenoticia.com.br\/noticia\/wp-json\/wp\/v2\/users\/2"}],"replies":[{"embeddable":true,"href":"https:\/\/www.redenoticia.com.br\/noticia\/wp-json\/wp\/v2\/comments?post=78601"}],"version-history":[{"count":0,"href":"https:\/\/www.redenoticia.com.br\/noticia\/wp-json\/wp\/v2\/posts\/78601\/revisions"}],"wp:featuredmedia":[{"embeddable":true,"href":"https:\/\/www.redenoticia.com.br\/noticia\/wp-json\/wp\/v2\/media\/38938"}],"wp:attachment":[{"href":"https:\/\/www.redenoticia.com.br\/noticia\/wp-json\/wp\/v2\/media?parent=78601"}],"wp:term":[{"taxonomy":"category","embeddable":true,"href":"https:\/\/www.redenoticia.com.br\/noticia\/wp-json\/wp\/v2\/categories?post=78601"},{"taxonomy":"post_tag","embeddable":true,"href":"https:\/\/www.redenoticia.com.br\/noticia\/wp-json\/wp\/v2\/tags?post=78601"}],"curies":[{"name":"wp","href":"https:\/\/api.w.org\/{rel}","templated":true}]}}