{"id":78553,"date":"2015-12-09T15:36:25","date_gmt":"2015-12-09T17:36:25","guid":{"rendered":"http:\/\/www.redenoticia.com.br\/noticia\/?p=78553"},"modified":"2015-12-09T15:36:25","modified_gmt":"2015-12-09T17:36:25","slug":"para-reduzir-deficit-correios-vao-reajustar-tarifas-de-cartas-e-telegramas","status":"publish","type":"post","link":"https:\/\/www.redenoticia.com.br\/noticia\/2015\/para-reduzir-deficit-correios-vao-reajustar-tarifas-de-cartas-e-telegramas\/78553","title":{"rendered":"Para reduzir d\u00e9ficit, Correios v\u00e3o reajustar tarifas de cartas e telegramas"},"content":{"rendered":"<p>H\u00e1 menos de um m\u00eas na presid\u00eancia dos <strong><em>Correios<\/em><\/strong>, Giovanni Queiroz quer \u201cestancar a sangria\u201d nas contas da empresa, para diminuir o d\u00e9ficit no or\u00e7amento, que deve chegar a R$ 2 bilh\u00f5es at\u00e9 o fim do ano. At\u00e9 outubro, o resultado negativo estava em R$ 1,3 bilh\u00e3o. Uma das medidas ser\u00e1 a corre\u00e7\u00e3o das tarifas de servi\u00e7os n\u00e3o concorrenciais, como as de entrega de cartas e telegramas, em 8,89%, que j\u00e1 foi autorizada pelo Minist\u00e9rio da Fazenda e deve come\u00e7ar a vigorar nos pr\u00f3ximos dias. Segundo Queiroz, a medida vai aumentar as receitas da empresa em cerca de R$ 700 milh\u00f5es por ano.<\/p>\n<p>Medidas administrativas tamb\u00e9m fazem parte do pacote previsto por Queiroz. O novo presidente dos Correios quer adiar a renova\u00e7\u00e3o das frotas de carros e caminh\u00f5es da empresa, que atualmente ocorre a cada cinco anos. Os contratos de 4,8 mil im\u00f3veis que a empresa aluga ser\u00e3o revistos, verbas publicit\u00e1rias e de patroc\u00ednio ser\u00e3o cortadas e at\u00e9 o hor\u00e1rio de funcionamento das ag\u00eancias poder\u00e1 sofrer altera\u00e7\u00f5es. Para o ano que vem, o objetivo \u00e9 cortar R$ 1,7 bilh\u00e3o em gastos e aumentar em R$ 300 milh\u00f5es a receita da empresa.<\/p>\n<p>O atual presidente conta que, em reuni\u00f5es realizadas antes de assumir a gest\u00e3o da empresa, chegou a ouvir de membros do governo que, se medidas urgentes n\u00e3o fossem tomadas, os Correios poderiam chegar \u00e0 fal\u00eancia. \u201cAquilo me chocou bastante, e vi que as coisas eram mais profundas\u201d, disse em entrevista.<\/p>\n<p>Queiroz quer contar com a participa\u00e7\u00e3o dos 120 mil trabalhadores dos Correios para implementar as medidas de ajuste. Ele se reuniu com representantes de sindicatos e associa\u00e7\u00f5es dos empregados, e grupos de trabalho foram formados para apresentar solu\u00e7\u00f5es at\u00e9 o fim de janeiro. \u201cN\u00e3o conseguiremos avan\u00e7ar se n\u00e3o tivermos a participa\u00e7\u00e3o dos trabalhadores na ponta. Se n\u00e3o nos unirmos para fazer essa reforma, vamos ver os Correios se acabarem\u201d, ressaltou.<\/p>\n<p>Algumas medidas devem afetar diretamente os trabalhadores, como a substitui\u00e7\u00e3o dos uniformes para atendentes de ag\u00eancias por coletes e a entrega alternada de correspond\u00eancias pelos carteiros. Queiroz ressaltou tamb\u00e9m a necessidade da revis\u00e3o de itens do acordo coletivo com os trabalhadores. \u201cExistem concess\u00f5es que extrapolam a condi\u00e7\u00e3o da empresa hoje. Temos que negociar, porque precisamos fazer cortes\u201d, disse.<\/p>\n<p>Para dar o exemplo, o presidente dos Correios decidiu cortar na carne: reduziu o pr\u00f3prio sal\u00e1rio e o dos vice-presidentes, al\u00e9m de suspender o reajuste de fun\u00e7\u00f5es. Ele tamb\u00e9m dispensou o uso de telefone funcional. \u201cQuem quiser ficar rico que v\u00e1 para a iniciativa privada\u201d, justifica.<\/p>\n<p>Capital da empresa<\/p>\n<p>Apesar da dificuldade financeira, a hip\u00f3tese de abrir o capital da empresa para empresas privadas ainda n\u00e3o est\u00e1 no horizonte, segundo Queiroz. \u201cOs Correios s\u00e3o um instrumento de integra\u00e7\u00e3o social, e se voc\u00ea privatiza, quem entra \u00e9 para ganhar dinheiro, e essa a\u00e7\u00e3o social desaparece. E com isso haveria corte de pessoal, desemprego\u201d, disse.<\/p>\n<p>No ano passado, a empresa apresentou um lucro l\u00edquido de R$ 9,9 milh\u00f5es e, em 2013, o lucro foi de R$ 800 milh\u00f5es.<\/p>\n<p>Sabrina Craide &#8211; Rep\u00f3rter da Ag\u00eancia Brasil<br \/>\nEdi\u00e7\u00e3o: Carolina Pimentel<br \/>\n09\/12\/2015<\/p>\n","protected":false},"excerpt":{"rendered":"<p>H\u00e1 menos de um m\u00eas na presid\u00eancia dos Correios, Giovanni Queiroz quer \u201cestancar a sangria\u201d nas contas da empresa, para diminuir o d\u00e9ficit no or\u00e7amento, que deve chegar a R$ 2 bilh\u00f5es at\u00e9 o fim do ano. At\u00e9 outubro, o resultado negativo estava em R$ 1,3 bilh\u00e3o. Uma das medidas ser\u00e1 a corre\u00e7\u00e3o das tarifas [&hellip;]<\/p>\n","protected":false},"author":2,"featured_media":40734,"comment_status":"open","ping_status":"closed","sticky":false,"template":"","format":"standard","meta":{"_genesis_hide_title":false,"_genesis_hide_breadcrumbs":false,"_genesis_hide_singular_image":false,"_genesis_hide_footer_widgets":false,"_genesis_custom_body_class":"","_genesis_custom_post_class":"","_genesis_layout":"","_jetpack_memberships_contains_paid_content":false,"footnotes":""},"categories":[22,7],"tags":[],"class_list":{"0":"post-78553","1":"post","2":"type-post","3":"status-publish","4":"format-standard","5":"has-post-thumbnail","7":"category-brasil","8":"category-economia","9":"entry","10":"gs-1","11":"gs-odd","12":"gs-even","13":"gs-featured-content-entry"},"jetpack_featured_media_url":"https:\/\/www.redenoticia.com.br\/noticia\/imagens\/economia-resultados.jpg","jetpack_sharing_enabled":true,"jetpack_likes_enabled":true,"_links":{"self":[{"href":"https:\/\/www.redenoticia.com.br\/noticia\/wp-json\/wp\/v2\/posts\/78553","targetHints":{"allow":["GET"]}}],"collection":[{"href":"https:\/\/www.redenoticia.com.br\/noticia\/wp-json\/wp\/v2\/posts"}],"about":[{"href":"https:\/\/www.redenoticia.com.br\/noticia\/wp-json\/wp\/v2\/types\/post"}],"author":[{"embeddable":true,"href":"https:\/\/www.redenoticia.com.br\/noticia\/wp-json\/wp\/v2\/users\/2"}],"replies":[{"embeddable":true,"href":"https:\/\/www.redenoticia.com.br\/noticia\/wp-json\/wp\/v2\/comments?post=78553"}],"version-history":[{"count":0,"href":"https:\/\/www.redenoticia.com.br\/noticia\/wp-json\/wp\/v2\/posts\/78553\/revisions"}],"wp:featuredmedia":[{"embeddable":true,"href":"https:\/\/www.redenoticia.com.br\/noticia\/wp-json\/wp\/v2\/media\/40734"}],"wp:attachment":[{"href":"https:\/\/www.redenoticia.com.br\/noticia\/wp-json\/wp\/v2\/media?parent=78553"}],"wp:term":[{"taxonomy":"category","embeddable":true,"href":"https:\/\/www.redenoticia.com.br\/noticia\/wp-json\/wp\/v2\/categories?post=78553"},{"taxonomy":"post_tag","embeddable":true,"href":"https:\/\/www.redenoticia.com.br\/noticia\/wp-json\/wp\/v2\/tags?post=78553"}],"curies":[{"name":"wp","href":"https:\/\/api.w.org\/{rel}","templated":true}]}}