{"id":78551,"date":"2015-12-09T15:31:20","date_gmt":"2015-12-09T17:31:20","guid":{"rendered":"http:\/\/www.redenoticia.com.br\/noticia\/?p=78551"},"modified":"2015-12-09T15:31:20","modified_gmt":"2015-12-09T17:31:20","slug":"indice-de-custo-de-vida-em-sao-paulo-sobe-102-em-novembro-diz-dieese","status":"publish","type":"post","link":"https:\/\/www.redenoticia.com.br\/noticia\/2015\/indice-de-custo-de-vida-em-sao-paulo-sobe-102-em-novembro-diz-dieese\/78551","title":{"rendered":"\u00cdndice de custo de vida em S\u00e3o Paulo sobe 1,02% em novembro, diz Dieese"},"content":{"rendered":"<p>Entre outubro e novembro, o <strong><em>\u00cdndice de Custo de Vida<\/em><\/strong> (ICV) registrou alta de 1,02% na cidade de S\u00e3o Paulo. O \u00edndice foi divulgado pelo Departamento Intersindical de Estat\u00edstica e Estudos Sociecon\u00f4micos (Dieese). No m\u00eas, o \u00edndice foi pressionado pelos grupos transporte e alimenta\u00e7\u00e3o que, juntos, representaram praticamente 0,80 ponto percentual do resultado do m\u00eas.<\/p>\n<p>No grupo transporte, a alta chegou a 2,34%, consequ\u00eancia das fortes altas nos pre\u00e7os do \u00e1lcool (10,10%) e da gasolina (4,30%), que respondem por praticamente um ter\u00e7o da taxa (1,02%). J\u00e1 o grupo alimenta\u00e7\u00e3o teve alta de 1,54%.<\/p>\n<p>Outros grupos tamb\u00e9m apresentaram aumentos no per\u00edodo: sa\u00fade, com alta de 0,82%; vestu\u00e1rio (0,61%); habita\u00e7\u00e3o (0,26%); despesas pessoais (0,48%); educa\u00e7\u00e3o e leitura (0,14%); e despesas diversas (0,43%). Por outro lado, registraram queda os grupos equipamento dom\u00e9stico (-0,10%) e recrea\u00e7\u00e3o (-0,10%).<\/p>\n<p>Entre dezembro de 2014 e novembro deste ano, o ICV alcan\u00e7ou taxa acumulada de 11,19%. No ano, o \u00edndice atingiu 10,61%.<\/p>\n<p>Elaine Patricia Cruz \u2013 Rep\u00f3rter da Ag\u00eancia Brasil<br \/>\nEdi\u00e7\u00e3o: Armando Cardoso<br \/>\n09\/12\/2015<\/p>\n","protected":false},"excerpt":{"rendered":"<p>Entre outubro e novembro, o \u00cdndice de Custo de Vida (ICV) registrou alta de 1,02% na cidade de S\u00e3o Paulo. O \u00edndice foi divulgado pelo Departamento Intersindical de Estat\u00edstica e Estudos Sociecon\u00f4micos (Dieese). No m\u00eas, o \u00edndice foi pressionado pelos grupos transporte e alimenta\u00e7\u00e3o que, juntos, representaram praticamente 0,80 ponto percentual do resultado do m\u00eas. [&hellip;]<\/p>\n","protected":false},"author":2,"featured_media":38940,"comment_status":"open","ping_status":"closed","sticky":false,"template":"","format":"standard","meta":{"_genesis_hide_title":false,"_genesis_hide_breadcrumbs":false,"_genesis_hide_singular_image":false,"_genesis_hide_footer_widgets":false,"_genesis_custom_body_class":"","_genesis_custom_post_class":"","_genesis_layout":"","_jetpack_memberships_contains_paid_content":false,"footnotes":""},"categories":[22,7],"tags":[],"class_list":{"0":"post-78551","1":"post","2":"type-post","3":"status-publish","4":"format-standard","5":"has-post-thumbnail","7":"category-brasil","8":"category-economia","9":"entry","10":"gs-1","11":"gs-odd","12":"gs-even","13":"gs-featured-content-entry"},"jetpack_featured_media_url":"https:\/\/www.redenoticia.com.br\/noticia\/imagens\/grafico.jpg","jetpack_sharing_enabled":true,"jetpack_likes_enabled":true,"_links":{"self":[{"href":"https:\/\/www.redenoticia.com.br\/noticia\/wp-json\/wp\/v2\/posts\/78551","targetHints":{"allow":["GET"]}}],"collection":[{"href":"https:\/\/www.redenoticia.com.br\/noticia\/wp-json\/wp\/v2\/posts"}],"about":[{"href":"https:\/\/www.redenoticia.com.br\/noticia\/wp-json\/wp\/v2\/types\/post"}],"author":[{"embeddable":true,"href":"https:\/\/www.redenoticia.com.br\/noticia\/wp-json\/wp\/v2\/users\/2"}],"replies":[{"embeddable":true,"href":"https:\/\/www.redenoticia.com.br\/noticia\/wp-json\/wp\/v2\/comments?post=78551"}],"version-history":[{"count":0,"href":"https:\/\/www.redenoticia.com.br\/noticia\/wp-json\/wp\/v2\/posts\/78551\/revisions"}],"wp:featuredmedia":[{"embeddable":true,"href":"https:\/\/www.redenoticia.com.br\/noticia\/wp-json\/wp\/v2\/media\/38940"}],"wp:attachment":[{"href":"https:\/\/www.redenoticia.com.br\/noticia\/wp-json\/wp\/v2\/media?parent=78551"}],"wp:term":[{"taxonomy":"category","embeddable":true,"href":"https:\/\/www.redenoticia.com.br\/noticia\/wp-json\/wp\/v2\/categories?post=78551"},{"taxonomy":"post_tag","embeddable":true,"href":"https:\/\/www.redenoticia.com.br\/noticia\/wp-json\/wp\/v2\/tags?post=78551"}],"curies":[{"name":"wp","href":"https:\/\/api.w.org\/{rel}","templated":true}]}}