{"id":78455,"date":"2015-12-07T15:59:03","date_gmt":"2015-12-07T17:59:03","guid":{"rendered":"http:\/\/www.redenoticia.com.br\/noticia\/?p=78455"},"modified":"2015-12-07T15:59:03","modified_gmt":"2015-12-07T17:59:03","slug":"inflacao-sobe-mais-para-as-familias-de-menor-renda-diz-fgv","status":"publish","type":"post","link":"https:\/\/www.redenoticia.com.br\/noticia\/2015\/inflacao-sobe-mais-para-as-familias-de-menor-renda-diz-fgv\/78455","title":{"rendered":"Infla\u00e7\u00e3o sobe mais para as fam\u00edlias de menor renda, diz FGV"},"content":{"rendered":"<p> A <strong><em>infla\u00e7\u00e3o<\/em><\/strong> medida pelo \u00cdndice de Pre\u00e7os ao Consumidor &#8211; Classe 1 (IPC-C1) aumentou 1,06% em novembro \u00faltimo, resultado 0,36 ponto percentual superior \u00e0 taxa apurada em outubro, quando o \u00edndice registrou 0,7%, informou o Instituto Brasileiro de Economia da Funda\u00e7\u00e3o Getulio Vargas (Ibre-FGV).<\/p>\n<p>Com este resultado, o indicador, que mede a varia\u00e7\u00e3o das fam\u00edlias com renda de at\u00e9 2,5 sal\u00e1rios m\u00ednimos, acumula alta de 10,45% no ano, enquanto a infla\u00e7\u00e3o dos \u00faltimos 12 meses ficou em 11,22%.<\/p>\n<p>Com o resultado de novembro, a infla\u00e7\u00e3o para as fam\u00edlias de menor renda ficou acima do IPC-BR, que mede a varia\u00e7\u00e3o de pre\u00e7os para as fam\u00edlias com n\u00edvel de renda situado entre 1 e 33 sal\u00e1rios m\u00ednimos mensais, e que fechou o m\u00eas de novembro com alta de 1% e o acumulado dos \u00faltimos doze meses com varia\u00e7\u00e3o de 10,39%, resultado que chega a ser 0,83 ponto percentual superior ao IPC-C1.<\/p>\n<p>A alta de novembro reflete acelera\u00e7\u00e3o de pre\u00e7os em quatro das oito classes de despesas componentes do \u00edndice, com destaque para alimenta\u00e7\u00e3o, que passou de 0,45% para 2,32%, de outubro para novembro \u2013 alta de 1,87 ponto percentual.<\/p>\n<p>Os pre\u00e7os do grupo educa\u00e7\u00e3o, leitura e recrea\u00e7\u00e3o passaram de 0,23% para 0,43%; comunica\u00e7\u00e3o, de 0,22% para 0,65% e vestu\u00e1rio, de 0,31% para 0,37%.<\/p>\n<p>Em contrapartida, os valores dos grupos habita\u00e7\u00e3o declinaram de 1,06% para 0,41%; de transportes, de 1,44% para 0,48%; de sa\u00fade e cuidados pessoais, de 0,48% para 0,40% e de despesas diversas, de 0,12% para 0,10%.<\/p>\n<p>Nielmar de Oliveira \u2013 Rep\u00f3rter da Ag\u00eancia Brasil<br \/>\nEdi\u00e7\u00e3o: Jos\u00e9 Romildo<br \/>\n07\/12\/2015<\/p>\n","protected":false},"excerpt":{"rendered":"<p>A infla\u00e7\u00e3o medida pelo \u00cdndice de Pre\u00e7os ao Consumidor &#8211; Classe 1 (IPC-C1) aumentou 1,06% em novembro \u00faltimo, resultado 0,36 ponto percentual superior \u00e0 taxa apurada em outubro, quando o \u00edndice registrou 0,7%, informou o Instituto Brasileiro de Economia da Funda\u00e7\u00e3o Getulio Vargas (Ibre-FGV). Com este resultado, o indicador, que mede a varia\u00e7\u00e3o das fam\u00edlias [&hellip;]<\/p>\n","protected":false},"author":2,"featured_media":34916,"comment_status":"open","ping_status":"closed","sticky":false,"template":"","format":"standard","meta":{"_genesis_hide_title":false,"_genesis_hide_breadcrumbs":false,"_genesis_hide_singular_image":false,"_genesis_hide_footer_widgets":false,"_genesis_custom_body_class":"","_genesis_custom_post_class":"","_genesis_layout":"","_jetpack_memberships_contains_paid_content":false,"footnotes":""},"categories":[22,7],"tags":[],"class_list":{"0":"post-78455","1":"post","2":"type-post","3":"status-publish","4":"format-standard","5":"has-post-thumbnail","7":"category-brasil","8":"category-economia","9":"entry","10":"gs-1","11":"gs-odd","12":"gs-even","13":"gs-featured-content-entry"},"jetpack_featured_media_url":"https:\/\/www.redenoticia.com.br\/noticia\/imagens\/inflacao.jpg","jetpack_sharing_enabled":true,"jetpack_likes_enabled":true,"_links":{"self":[{"href":"https:\/\/www.redenoticia.com.br\/noticia\/wp-json\/wp\/v2\/posts\/78455","targetHints":{"allow":["GET"]}}],"collection":[{"href":"https:\/\/www.redenoticia.com.br\/noticia\/wp-json\/wp\/v2\/posts"}],"about":[{"href":"https:\/\/www.redenoticia.com.br\/noticia\/wp-json\/wp\/v2\/types\/post"}],"author":[{"embeddable":true,"href":"https:\/\/www.redenoticia.com.br\/noticia\/wp-json\/wp\/v2\/users\/2"}],"replies":[{"embeddable":true,"href":"https:\/\/www.redenoticia.com.br\/noticia\/wp-json\/wp\/v2\/comments?post=78455"}],"version-history":[{"count":0,"href":"https:\/\/www.redenoticia.com.br\/noticia\/wp-json\/wp\/v2\/posts\/78455\/revisions"}],"wp:featuredmedia":[{"embeddable":true,"href":"https:\/\/www.redenoticia.com.br\/noticia\/wp-json\/wp\/v2\/media\/34916"}],"wp:attachment":[{"href":"https:\/\/www.redenoticia.com.br\/noticia\/wp-json\/wp\/v2\/media?parent=78455"}],"wp:term":[{"taxonomy":"category","embeddable":true,"href":"https:\/\/www.redenoticia.com.br\/noticia\/wp-json\/wp\/v2\/categories?post=78455"},{"taxonomy":"post_tag","embeddable":true,"href":"https:\/\/www.redenoticia.com.br\/noticia\/wp-json\/wp\/v2\/tags?post=78455"}],"curies":[{"name":"wp","href":"https:\/\/api.w.org\/{rel}","templated":true}]}}