{"id":78453,"date":"2015-12-07T15:58:07","date_gmt":"2015-12-07T17:58:07","guid":{"rendered":"http:\/\/www.redenoticia.com.br\/noticia\/?p=78453"},"modified":"2015-12-07T15:58:07","modified_gmt":"2015-12-07T17:58:07","slug":"receita-deve-divulgar-consulta-ao-ultimo-lote-de-restituicoes-do-ir-nesta-semana","status":"publish","type":"post","link":"https:\/\/www.redenoticia.com.br\/noticia\/2015\/receita-deve-divulgar-consulta-ao-ultimo-lote-de-restituicoes-do-ir-nesta-semana\/78453","title":{"rendered":"Receita deve divulgar consulta ao \u00faltimo lote de restitui\u00e7\u00f5es do IR nesta semana"},"content":{"rendered":"<p> A <strong><em>Receita Federal<\/em><\/strong> prepara a consulta ao \u00faltimo lote de restitui\u00e7\u00f5es do Imposto de Renda Pessoa F\u00edsica 2015, que deve ser liberada nesta semana. O dinheiro estar\u00e1 na rede banc\u00e1ria no pr\u00f3ximo dia 15.<\/p>\n<p>Os contribuintes que n\u00e3o fizeram as corre\u00e7\u00f5es na declara\u00e7\u00e3o ap\u00f3s constatarem erros ou omiss\u00f5es est\u00e3o na malha fina. O n\u00famero de pessoas nesta situa\u00e7\u00e3o deve ser divulgado com os dados do lote. Para mudar a situa\u00e7\u00e3o, ter\u00e3o que atualizar a declara\u00e7\u00e3o e esperar pelos lotes residuais, que ser\u00e3o liberados a partir de janeiro de 2016.<\/p>\n<p>O primeiro passo para fazer as corre\u00e7\u00f5es \u00e9 verificar no extrato de processamento da declara\u00e7\u00e3o as pend\u00eancias ou inconsist\u00eancias que causaram a reten\u00e7\u00e3o na malha fina. O procedimento pode ser feito no Centro Virtual de Atendimento da Receita Federal (e-CAC) .<\/p>\n<p>A Receita disponibilizou na internet um passo a passo para quem n\u00e3o \u00e9 cadastrado e deseja faz\u00ea-lo. Para quem n\u00e3o sabe usar os servi\u00e7os no e-CAC, a Receita disponibiliza um v\u00eddeo com instru\u00e7\u00f5es.<\/p>\n<p>A consulta ao \u00faltimo lote estar\u00e1 dispon\u00edvel na p\u00e1gina da Receita na internet ou por meio do Receitafone 146. A Receita disponibiliza ainda aplicativo para tablets e smartphones que permite o acompanhamento das restitui\u00e7\u00f5es.<\/p>\n<p>A restitui\u00e7\u00e3o ficar\u00e1 dispon\u00edvel durante um ano. Se o resgate n\u00e3o for feito no prazo, dever\u00e1 ser requerido por meio do Formul\u00e1rio Eletr\u00f4nico &#8211; Pedido de Pagamento de Restitui\u00e7\u00e3o, ou diretamente no e-CAC , no servi\u00e7o extrato de processamento, na p\u00e1gina da Receita na internet.<\/p>\n<p>Daniel Lima &#8211; Rep\u00f3rter da Ag\u00eancia Brasil<br \/>\nEdi\u00e7\u00e3o: F\u00e1bio Massalli<br \/>\n07\/12\/2015<\/p>\n","protected":false},"excerpt":{"rendered":"<p>A Receita Federal prepara a consulta ao \u00faltimo lote de restitui\u00e7\u00f5es do Imposto de Renda Pessoa F\u00edsica 2015, que deve ser liberada nesta semana. O dinheiro estar\u00e1 na rede banc\u00e1ria no pr\u00f3ximo dia 15. Os contribuintes que n\u00e3o fizeram as corre\u00e7\u00f5es na declara\u00e7\u00e3o ap\u00f3s constatarem erros ou omiss\u00f5es est\u00e3o na malha fina. O n\u00famero de [&hellip;]<\/p>\n","protected":false},"author":2,"featured_media":23889,"comment_status":"open","ping_status":"closed","sticky":false,"template":"","format":"standard","meta":{"_genesis_hide_title":false,"_genesis_hide_breadcrumbs":false,"_genesis_hide_singular_image":false,"_genesis_hide_footer_widgets":false,"_genesis_custom_body_class":"","_genesis_custom_post_class":"","_genesis_layout":"","_jetpack_memberships_contains_paid_content":false,"footnotes":""},"categories":[22,7],"tags":[],"class_list":{"0":"post-78453","1":"post","2":"type-post","3":"status-publish","4":"format-standard","5":"has-post-thumbnail","7":"category-brasil","8":"category-economia","9":"entry","10":"gs-1","11":"gs-odd","12":"gs-even","13":"gs-featured-content-entry"},"jetpack_featured_media_url":"https:\/\/www.redenoticia.com.br\/noticia\/imagens\/receita-federal-irpf-2010.jpg","jetpack_sharing_enabled":true,"jetpack_likes_enabled":true,"_links":{"self":[{"href":"https:\/\/www.redenoticia.com.br\/noticia\/wp-json\/wp\/v2\/posts\/78453","targetHints":{"allow":["GET"]}}],"collection":[{"href":"https:\/\/www.redenoticia.com.br\/noticia\/wp-json\/wp\/v2\/posts"}],"about":[{"href":"https:\/\/www.redenoticia.com.br\/noticia\/wp-json\/wp\/v2\/types\/post"}],"author":[{"embeddable":true,"href":"https:\/\/www.redenoticia.com.br\/noticia\/wp-json\/wp\/v2\/users\/2"}],"replies":[{"embeddable":true,"href":"https:\/\/www.redenoticia.com.br\/noticia\/wp-json\/wp\/v2\/comments?post=78453"}],"version-history":[{"count":0,"href":"https:\/\/www.redenoticia.com.br\/noticia\/wp-json\/wp\/v2\/posts\/78453\/revisions"}],"wp:featuredmedia":[{"embeddable":true,"href":"https:\/\/www.redenoticia.com.br\/noticia\/wp-json\/wp\/v2\/media\/23889"}],"wp:attachment":[{"href":"https:\/\/www.redenoticia.com.br\/noticia\/wp-json\/wp\/v2\/media?parent=78453"}],"wp:term":[{"taxonomy":"category","embeddable":true,"href":"https:\/\/www.redenoticia.com.br\/noticia\/wp-json\/wp\/v2\/categories?post=78453"},{"taxonomy":"post_tag","embeddable":true,"href":"https:\/\/www.redenoticia.com.br\/noticia\/wp-json\/wp\/v2\/tags?post=78453"}],"curies":[{"name":"wp","href":"https:\/\/api.w.org\/{rel}","templated":true}]}}