{"id":78451,"date":"2015-12-07T15:57:12","date_gmt":"2015-12-07T17:57:12","guid":{"rendered":"http:\/\/www.redenoticia.com.br\/noticia\/?p=78451"},"modified":"2015-12-07T15:57:12","modified_gmt":"2015-12-07T17:57:12","slug":"assinaturas-de-tv-paga-cairam-no-brasil-desde-o-inicio-do-ano","status":"publish","type":"post","link":"https:\/\/www.redenoticia.com.br\/noticia\/2015\/assinaturas-de-tv-paga-cairam-no-brasil-desde-o-inicio-do-ano\/78451","title":{"rendered":"Assinaturas de TV paga ca\u00edram no Brasil desde o in\u00edcio do ano"},"content":{"rendered":"<p> O n\u00famero de assinantes do servi\u00e7o de <strong><em>TV por assinatura<\/em><\/strong> vem caindo desde o in\u00edcio do ano. Em janeiro, foram registrados pela Ag\u00eancia Nacional de Telecomunica\u00e7\u00f5es (Anatel) 19,65 milh\u00f5es de assinantes, o que representava uma presen\u00e7a em 29,79% dos domic\u00edlios do pa\u00eds. J\u00e1 os n\u00fameros divulgados pela ag\u00eancia mostram que, em outubro, foram registrados 19,39 milh\u00f5es de acessos ao servi\u00e7o, que estava presente em 29,22% dos domic\u00edlios.<\/p>\n<p>Os n\u00fameros de outubro apresentam uma leve queda em rela\u00e7\u00e3o aos registrados em setembro, quando havia 19,47 milh\u00f5es de acessos, que chegavam a 29,36% dos domic\u00edlios.<\/p>\n<p>A participa\u00e7\u00e3o do servi\u00e7o prestado via sat\u00e9lite atingiu 58,9% da base de assinantes em outubro e a do servi\u00e7o a cabo alcan\u00e7ou 40,12% dos assinantes. O estado com maior densidade do servi\u00e7o \u00e9 o Distrito Federal, onde 55,10% dos domic\u00edlios t\u00eam TV paga. No Piau\u00ed, est\u00e1 a menor penetra\u00e7\u00e3o, com 8,32% das casas com o servi\u00e7o. <\/p>\n<p>Sabrina Craide &#8211; Rep\u00f3rter da Ag\u00eancia Brasil<br \/>\nEdi\u00e7\u00e3o: N\u00e1dia Franco<br \/>\n07\/12\/2015<\/p>\n","protected":false},"excerpt":{"rendered":"<p>O n\u00famero de assinantes do servi\u00e7o de TV por assinatura vem caindo desde o in\u00edcio do ano. Em janeiro, foram registrados pela Ag\u00eancia Nacional de Telecomunica\u00e7\u00f5es (Anatel) 19,65 milh\u00f5es de assinantes, o que representava uma presen\u00e7a em 29,79% dos domic\u00edlios do pa\u00eds. J\u00e1 os n\u00fameros divulgados pela ag\u00eancia mostram que, em outubro, foram registrados 19,39 [&hellip;]<\/p>\n","protected":false},"author":2,"featured_media":57585,"comment_status":"open","ping_status":"closed","sticky":false,"template":"","format":"standard","meta":{"_genesis_hide_title":false,"_genesis_hide_breadcrumbs":false,"_genesis_hide_singular_image":false,"_genesis_hide_footer_widgets":false,"_genesis_custom_body_class":"","_genesis_custom_post_class":"","_genesis_layout":"","_jetpack_memberships_contains_paid_content":false,"footnotes":""},"categories":[22,7],"tags":[],"class_list":{"0":"post-78451","1":"post","2":"type-post","3":"status-publish","4":"format-standard","5":"has-post-thumbnail","7":"category-brasil","8":"category-economia","9":"entry","10":"gs-1","11":"gs-odd","12":"gs-even","13":"gs-featured-content-entry"},"jetpack_featured_media_url":"https:\/\/www.redenoticia.com.br\/noticia\/imagens\/analise-economia.jpg","jetpack_sharing_enabled":true,"jetpack_likes_enabled":true,"_links":{"self":[{"href":"https:\/\/www.redenoticia.com.br\/noticia\/wp-json\/wp\/v2\/posts\/78451","targetHints":{"allow":["GET"]}}],"collection":[{"href":"https:\/\/www.redenoticia.com.br\/noticia\/wp-json\/wp\/v2\/posts"}],"about":[{"href":"https:\/\/www.redenoticia.com.br\/noticia\/wp-json\/wp\/v2\/types\/post"}],"author":[{"embeddable":true,"href":"https:\/\/www.redenoticia.com.br\/noticia\/wp-json\/wp\/v2\/users\/2"}],"replies":[{"embeddable":true,"href":"https:\/\/www.redenoticia.com.br\/noticia\/wp-json\/wp\/v2\/comments?post=78451"}],"version-history":[{"count":0,"href":"https:\/\/www.redenoticia.com.br\/noticia\/wp-json\/wp\/v2\/posts\/78451\/revisions"}],"wp:featuredmedia":[{"embeddable":true,"href":"https:\/\/www.redenoticia.com.br\/noticia\/wp-json\/wp\/v2\/media\/57585"}],"wp:attachment":[{"href":"https:\/\/www.redenoticia.com.br\/noticia\/wp-json\/wp\/v2\/media?parent=78451"}],"wp:term":[{"taxonomy":"category","embeddable":true,"href":"https:\/\/www.redenoticia.com.br\/noticia\/wp-json\/wp\/v2\/categories?post=78451"},{"taxonomy":"post_tag","embeddable":true,"href":"https:\/\/www.redenoticia.com.br\/noticia\/wp-json\/wp\/v2\/tags?post=78451"}],"curies":[{"name":"wp","href":"https:\/\/api.w.org\/{rel}","templated":true}]}}