{"id":78329,"date":"2015-12-03T17:21:13","date_gmt":"2015-12-03T19:21:13","guid":{"rendered":"http:\/\/www.redenoticia.com.br\/noticia\/?p=78329"},"modified":"2015-12-03T17:21:13","modified_gmt":"2015-12-03T19:21:13","slug":"comissao-especial-sobre-impeachment-sera-instalada-na-segunda-feira-na-camara","status":"publish","type":"post","link":"https:\/\/www.redenoticia.com.br\/noticia\/2015\/comissao-especial-sobre-impeachment-sera-instalada-na-segunda-feira-na-camara\/78329","title":{"rendered":"Comiss\u00e3o especial sobre impeachment ser\u00e1 instalada na segunda-feira na C\u00e2mara"},"content":{"rendered":"<p>L\u00edderes partid\u00e1rios e o presidente da C\u00e2mara, Eduardo Cunha (PMDB-RJ) fecharam um acordo para que todas as legendas representadas na Casa indiquem, at\u00e9 as 14h da pr\u00f3xima segunda-feira (7), os nomes de deputados que integrar\u00e3o a comiss\u00e3o especial que vai analisar o processo de <strong><em>impeachment<\/em><\/strong> da presidenta Dilma Rousseff. A inten\u00e7\u00e3o \u00e9 instalar o colegiado em uma sess\u00e3o extraordin\u00e1ria marcada para as 18h. A comiss\u00e3o especial deve se reunir imediatamente depois para escolher, em vota\u00e7\u00e3o secreta, o presidente e o relator do caso.<\/p>\n<p>Segundo o l\u00edder do PSDB, deputado Carlos Sampaio (SP), que foi o primeiro a deixar a reuni\u00e3o na sala de Cunha, os l\u00edderes da oposi\u00e7\u00e3o devem estar entre os nomes indicados \u201cj\u00e1 que estiveram \u00e0 frente na defesa do processo de impeachment\u201d.<\/p>\n<p>Ao todo, a comiss\u00e3o ter\u00e1 65 membros. O PSDB ter\u00e1 seis cadeiras no colegiado e o bloco que comp\u00f5e, junto com PSB, PPS e PV, totalizar\u00e1 12 vagas. O bloco comandado pelo PT, que \u00e9 integrado ainda pelo PSD, PR, PROS e PCdoB, ter\u00e1 19 vagas, das quais oito s\u00e3o do partido do governo. O PMDB ter\u00e1 oito representantes. O bloco formado pela legenda e pelo PP, PTB, DEM, PRB, SDD, PSC, PHS, PTN, PMN, PRP, PSDC, PEM, PRTB tem 25 integrantes.<\/p>\n<p>Com o in\u00edcio dos trabalhos da comiss\u00e3o, a presidenta ser\u00e1 notificada e ter\u00e1 o prazo de dez sess\u00f5es do plen\u00e1rio para apresentar a sua defesa. A comiss\u00e3o especial ter\u00e1, a partir dessa defesa, cinco sess\u00f5es do plen\u00e1rio para votar o parecer. Caso o colegiado decida pelo prosseguimento das investiga\u00e7\u00f5es, o parecer precisar\u00e1 passar pelo crivo do plen\u00e1rio. Para ser aprovado, s\u00e3o necess\u00e1rios dois ter\u00e7os dos votos da Casa (342). A partir deste momento, Dilma teria que ser afastada do comando do pa\u00eds por at\u00e9 180 dias. Neste per\u00edodo, o Senado julgaria a presidenta.<\/p>\n<p>Acusa\u00e7\u00e3o de Cunha<\/p>\n<p>Sampaio tamb\u00e9m comentou a acusa\u00e7\u00e3o feita pelo presidente da C\u00e2mara, na manh\u00e3 de hoje (3). Cunha disse que a presidenta Dilma \u201cmentiu \u00e0 sociedade\u201d ao afirmar, em pronunciamento em rede nacional que seu governo n\u00e3o participa de \u201cbarganhas\u201d com o Congresso. O presidente da C\u00e2mara disse que, na manh\u00e3 dessa quarta-feira, o ministro da Casa Civil, Jaques Wagner, intermediou uma negocia\u00e7\u00e3o entre Dilma e o deputado Andr\u00e9 Moura (PSC-SE), relator da reforma tribut\u00e1ria na C\u00e2mara. &#8220;Ontem, o deputado [Andr\u00e9 Moura] esteve com a presidenta da Rep\u00fablica, que quis vincular o apoio dos deputados do PT [para votarem a favor do arquivamento do processo contra Cunha no Conselho de \u00c9tica] \u00e0 aprova\u00e7\u00e3o da CPMF\u201d, afirmou Cunha em entrevista \u00e0 imprensa.<\/p>\n<p>Sampaio disse que \u00e9 \u201cnatural\u201d que interlocutores conversem, mas afirmou que \u201c\u00e9 da natureza do governo Dilma a barganha e uma barganha nefasta para o pa\u00eds\u201d. Andr\u00e9 Moura ainda n\u00e3o foi encontrado para confirmar as informa\u00e7\u00f5es divulgadas por Cunha.<\/p>\n<p>No final da manh\u00e3 de hoje, o deputado Wadih Damous (PT-RJ) garantiu que o partido do governo \u201cjamais entraria em um jogo de barganha\u201d. Damous afirmou que a situa\u00e7\u00e3o seria \u201cinadimiss\u00edvel\u201d. O parlamentar apresentou nesta quinta-feira um mandado de seguran\u00e7a no Supremo Tribunal Federal (STF) pedindo a anula\u00e7\u00e3o do ato do presidente da C\u00e2mara que aceitou o pedido de abertura do processo de impeachment.<\/p>\n<p>Carolina Gon\u00e7alves e Pedro Peduzzi &#8211; Rep\u00f3rteres da Ag\u00eancia Brasil<br \/>\nEdi\u00e7\u00e3o: Juliana Andrade<br \/>\n03\/12\/2015<\/p>\n","protected":false},"excerpt":{"rendered":"<p>L\u00edderes partid\u00e1rios e o presidente da C\u00e2mara, Eduardo Cunha (PMDB-RJ) fecharam um acordo para que todas as legendas representadas na Casa indiquem, at\u00e9 as 14h da pr\u00f3xima segunda-feira (7), os nomes de deputados que integrar\u00e3o a comiss\u00e3o especial que vai analisar o processo de impeachment da presidenta Dilma Rousseff. A inten\u00e7\u00e3o \u00e9 instalar o colegiado [&hellip;]<\/p>\n","protected":false},"author":2,"featured_media":34796,"comment_status":"open","ping_status":"closed","sticky":false,"template":"","format":"standard","meta":{"_genesis_hide_title":false,"_genesis_hide_breadcrumbs":false,"_genesis_hide_singular_image":false,"_genesis_hide_footer_widgets":false,"_genesis_custom_body_class":"","_genesis_custom_post_class":"","_genesis_layout":"","_jetpack_memberships_contains_paid_content":false,"footnotes":""},"categories":[22,7],"tags":[],"class_list":{"0":"post-78329","1":"post","2":"type-post","3":"status-publish","4":"format-standard","5":"has-post-thumbnail","7":"category-brasil","8":"category-economia","9":"entry","10":"gs-1","11":"gs-odd","12":"gs-even","13":"gs-featured-content-entry"},"jetpack_featured_media_url":"https:\/\/www.redenoticia.com.br\/noticia\/imagens\/dilma-foto-wilson-dias-abr.jpg","jetpack_sharing_enabled":true,"jetpack_likes_enabled":true,"_links":{"self":[{"href":"https:\/\/www.redenoticia.com.br\/noticia\/wp-json\/wp\/v2\/posts\/78329","targetHints":{"allow":["GET"]}}],"collection":[{"href":"https:\/\/www.redenoticia.com.br\/noticia\/wp-json\/wp\/v2\/posts"}],"about":[{"href":"https:\/\/www.redenoticia.com.br\/noticia\/wp-json\/wp\/v2\/types\/post"}],"author":[{"embeddable":true,"href":"https:\/\/www.redenoticia.com.br\/noticia\/wp-json\/wp\/v2\/users\/2"}],"replies":[{"embeddable":true,"href":"https:\/\/www.redenoticia.com.br\/noticia\/wp-json\/wp\/v2\/comments?post=78329"}],"version-history":[{"count":0,"href":"https:\/\/www.redenoticia.com.br\/noticia\/wp-json\/wp\/v2\/posts\/78329\/revisions"}],"wp:featuredmedia":[{"embeddable":true,"href":"https:\/\/www.redenoticia.com.br\/noticia\/wp-json\/wp\/v2\/media\/34796"}],"wp:attachment":[{"href":"https:\/\/www.redenoticia.com.br\/noticia\/wp-json\/wp\/v2\/media?parent=78329"}],"wp:term":[{"taxonomy":"category","embeddable":true,"href":"https:\/\/www.redenoticia.com.br\/noticia\/wp-json\/wp\/v2\/categories?post=78329"},{"taxonomy":"post_tag","embeddable":true,"href":"https:\/\/www.redenoticia.com.br\/noticia\/wp-json\/wp\/v2\/tags?post=78329"}],"curies":[{"name":"wp","href":"https:\/\/api.w.org\/{rel}","templated":true}]}}