{"id":78323,"date":"2015-12-03T17:14:37","date_gmt":"2015-12-03T19:14:37","guid":{"rendered":"http:\/\/www.redenoticia.com.br\/noticia\/?p=78323"},"modified":"2015-12-03T17:14:37","modified_gmt":"2015-12-03T19:14:37","slug":"centrais-empresarios-e-entidades-civis-lancam-proposta-para-retomar-crescimento","status":"publish","type":"post","link":"https:\/\/www.redenoticia.com.br\/noticia\/2015\/centrais-empresarios-e-entidades-civis-lancam-proposta-para-retomar-crescimento\/78323","title":{"rendered":"Centrais, empres\u00e1rios e entidades civis lan\u00e7am proposta para retomar crescimento"},"content":{"rendered":"<p>As seis centrais sindicais do Brasil \u2013 Central \u00danica dos Trabalhadores (CUT), Central dos Sindicatos Brasileiros (CSB), Central dos Trabalhadores do Brasil (CTB), For\u00e7a Sindical, Nova Central Sindical de Trabalhadores (NCST) e Uni\u00e3o Geral dos Trabalhadores (UGT) \u2013 associadas com entidades empresariais e representantes da sociedade civil lan\u00e7aram um documento propondo diretrizes para a <strong><em>retomada do crescimento econ\u00f4mico<\/em><\/strong>.<\/p>\n<p>O texto, chamado de Compromisso pelo Desenvolvimento, a ser entregue \u00e0 presidenta Dilma Rousseff no dia 9 de dezembro, re\u00fane conjunto de medidas para alavancar a economia do pa\u00eds.<\/p>\n<p>Entre as a\u00e7\u00f5es propostas est\u00e3o medidas para estimular a gera\u00e7\u00e3o de empregos, maior oferta de cr\u00e9dito para consumo e capital de giro para as empresas retomarem os n\u00edveis de produ\u00e7\u00e3o, especialmente no setor da constru\u00e7\u00e3o civil.<\/p>\n<p>O texto pede, ainda, a manuten\u00e7\u00e3o dos investimentos na cadeia produtiva da Petrobras e agilidade nos acordos de leni\u00eancia com 29 empresas impedidas de exercer suas atividades devido \u00e0s investiga\u00e7\u00f5es da Opera\u00e7\u00e3o Lava Jato.<\/p>\n<p>As centrais sindicais defendem que a corrup\u00e7\u00e3o seja investigada e combatida, mas sem que as atividades das empresas investigadas sejam paralisadas. Pedem ainda que as obras paradas sejam retomadas, com a manuten\u00e7\u00e3o dos empregos e da seguran\u00e7a jur\u00eddica dessas empresas.<\/p>\n<p>O representante da Nova Central Sindical de Trabalhadores, Francisco Mazinho, disse que n\u00e3o se pode virar s costas para a realidade do pa\u00eds com perda de empregos e estagna\u00e7\u00e3o de alguns setores. \u201cA constru\u00e7\u00e3o, por exemplo, \u00e9 a mola propulsora da economia. H\u00e1 duas atividades primordiais para o crescimento de um pa\u00eds, que s\u00e3o a agricultura e a constru\u00e7\u00e3o civil. \u00c9 dif\u00edcil vermos situa\u00e7\u00f5es como a deste momento\u201d. Ele destacou a necessidade de parceria entre sindicatos e empresariado.<\/p>\n<p>O presidente da Associa\u00e7\u00e3o Brasileira da Ind\u00fastria T\u00eaxtil (Abit), Fernando Pimentel, destacou o setor de confec\u00e7\u00e3o, que emprega diretamente mais de 1,6 milh\u00f5es de pessoas. \u201cNeste momento, n\u00e3o podemos compactuar e aceitar o que est\u00e1 acontecendo. O item n\u00famero um \u00e9 a confian\u00e7a de que seremos capazes de construir um pa\u00eds justo, digno e industrializado. N\u00e3o podemos dar como perdido o ano de 2016\u201d.<\/p>\n<p>Antonio Neto, presidente da Central dos Sindicatos Brasileiros, classificou a data de hoje como hist\u00f3rica, porque representa um pacto entre os trabalhadores e empres\u00e1rios, para acabar com a instabilidade do governo. \u201c\u00c9 preciso que apresentemos a solu\u00e7\u00e3o. Temos que dar um basta na d\u00edvida p\u00fablica e fazer uma auditoria. Temos que mostrar ao governo a necessidade de empenho da iniciativa p\u00fablica e privada para a retomada do desenvolvimento.\u201d<\/p>\n<p>Fl\u00e1via Albuquerque \u2013 Rep\u00f3rter da Ag\u00eancia Brasil<br \/>\nEdi\u00e7\u00e3o: Maria Claudia<br \/>\n03\/12\/2015<\/p>\n","protected":false},"excerpt":{"rendered":"<p>As seis centrais sindicais do Brasil \u2013 Central \u00danica dos Trabalhadores (CUT), Central dos Sindicatos Brasileiros (CSB), Central dos Trabalhadores do Brasil (CTB), For\u00e7a Sindical, Nova Central Sindical de Trabalhadores (NCST) e Uni\u00e3o Geral dos Trabalhadores (UGT) \u2013 associadas com entidades empresariais e representantes da sociedade civil lan\u00e7aram um documento propondo diretrizes para a retomada [&hellip;]<\/p>\n","protected":false},"author":2,"featured_media":57583,"comment_status":"open","ping_status":"closed","sticky":false,"template":"","format":"standard","meta":{"_genesis_hide_title":false,"_genesis_hide_breadcrumbs":false,"_genesis_hide_singular_image":false,"_genesis_hide_footer_widgets":false,"_genesis_custom_body_class":"","_genesis_custom_post_class":"","_genesis_layout":"","_jetpack_memberships_contains_paid_content":false,"footnotes":""},"categories":[22,7],"tags":[],"class_list":{"0":"post-78323","1":"post","2":"type-post","3":"status-publish","4":"format-standard","5":"has-post-thumbnail","7":"category-brasil","8":"category-economia","9":"entry","10":"gs-1","11":"gs-odd","12":"gs-even","13":"gs-featured-content-entry"},"jetpack_featured_media_url":"https:\/\/www.redenoticia.com.br\/noticia\/imagens\/economia-grafico.jpg","jetpack_sharing_enabled":true,"jetpack_likes_enabled":true,"_links":{"self":[{"href":"https:\/\/www.redenoticia.com.br\/noticia\/wp-json\/wp\/v2\/posts\/78323","targetHints":{"allow":["GET"]}}],"collection":[{"href":"https:\/\/www.redenoticia.com.br\/noticia\/wp-json\/wp\/v2\/posts"}],"about":[{"href":"https:\/\/www.redenoticia.com.br\/noticia\/wp-json\/wp\/v2\/types\/post"}],"author":[{"embeddable":true,"href":"https:\/\/www.redenoticia.com.br\/noticia\/wp-json\/wp\/v2\/users\/2"}],"replies":[{"embeddable":true,"href":"https:\/\/www.redenoticia.com.br\/noticia\/wp-json\/wp\/v2\/comments?post=78323"}],"version-history":[{"count":0,"href":"https:\/\/www.redenoticia.com.br\/noticia\/wp-json\/wp\/v2\/posts\/78323\/revisions"}],"wp:featuredmedia":[{"embeddable":true,"href":"https:\/\/www.redenoticia.com.br\/noticia\/wp-json\/wp\/v2\/media\/57583"}],"wp:attachment":[{"href":"https:\/\/www.redenoticia.com.br\/noticia\/wp-json\/wp\/v2\/media?parent=78323"}],"wp:term":[{"taxonomy":"category","embeddable":true,"href":"https:\/\/www.redenoticia.com.br\/noticia\/wp-json\/wp\/v2\/categories?post=78323"},{"taxonomy":"post_tag","embeddable":true,"href":"https:\/\/www.redenoticia.com.br\/noticia\/wp-json\/wp\/v2\/tags?post=78323"}],"curies":[{"name":"wp","href":"https:\/\/api.w.org\/{rel}","templated":true}]}}