{"id":7829,"date":"2009-08-06T16:50:16","date_gmt":"2009-08-06T20:50:16","guid":{"rendered":"http:\/\/www.redenoticia.com.br\/noticia\/?p=7829"},"modified":"2009-08-06T16:50:16","modified_gmt":"2009-08-06T20:50:16","slug":"atividades-esportivas-e-sociais-recebem-apoio-em-ji-parana","status":"publish","type":"post","link":"https:\/\/www.redenoticia.com.br\/noticia\/2009\/atividades-esportivas-e-sociais-recebem-apoio-em-ji-parana\/7829","title":{"rendered":"Atividades esportivas e sociais recebem apoio em Ji-Paran\u00e1"},"content":{"rendered":"<p>J\u00e1 trabalhando com apoio da Secretaria Municipal de Esportes (Semes) de Ji-Paran\u00e1 (Rond\u00f4nia), a Escolinha de Futebol Projeto Crian\u00e7a Feliz, coordenada pelo desportista Ant\u00f4nio Nunes, ganhou esta semana mais uma importante parceria, a da Secretaria Municipal de Educa\u00e7\u00e3o (Semed). Atualmente a escolinha atende mais de 60 crian\u00e7as carentes de bairros pr\u00f3ximos do BNH, como Cafezinho, Jorge Teixeira, Uni\u00e3o 2, Seringal entre outros.<\/p>\n<p>De acordo com Nunes, com as novas parcerias, o projeto Crian\u00e7a Feliz poder\u00e1 atender um n\u00famero bem maior de garotos. A Escolinha de Futebol Projeto Crian\u00e7a Feliz trabalha com crian\u00e7as na faixa et\u00e1ria dos seis aos 13 anos. Os treinamentos acontecem de segunda a sexta-feira, das 7h30 \u00e0s 9h30 e das 16 \u00e0s 18 horas, no campo do Cedel. Nunes informou ainda que os trabalhos da escolinha ir\u00e3o contar com o acompanhamento do professor de educa\u00e7\u00e3o f\u00edsica, Paulo C\u00e9sar Muniz Barreto.<\/p>\n<p>A comunidade Santos Anjos da 2\u00aa Linha da Gleba G, estrada de Nova Londrina, estar\u00e1 realizando no pr\u00f3ximo final de semana o primeiro Fest\u00e3o Rural beneficente, com um animado bail\u00e3o e um torneio de futebol de campo. A festa contar\u00e1 com apoio total da Secretaria Municipal de Esportes (Semes), que estar\u00e1 patrocinando a premia\u00e7\u00e3o em trof\u00e9us, despesas com arbitragem, bolas e transportes para as equipes de Ji-Paran\u00e1 que ir\u00e3o participar do evento.<\/p>\n<p>Conforme programa\u00e7\u00e3o divulgada pela coordena\u00e7\u00e3o, as festividades come\u00e7am no s\u00e1bado \u00e0 noite com a realiza\u00e7\u00e3o do baile animado pela banda \u201cForr\u00f3 Laser\u201d. No domingo, com in\u00edcio previsto para as 9 horas, acontecer\u00e1 o torneio de futebol . No almo\u00e7o, ser\u00e1 servido arroz com Vatap\u00e1. O campe\u00e3o do torneio receber\u00e1 trof\u00e9u mais 10 caixas de cerveja (em lata), para o vice ser\u00e3o cinco caixas de cerveja e para o terceiro colocado, tr\u00eas caixas de cerveja.<\/p>\n","protected":false},"excerpt":{"rendered":"<p>J\u00e1 trabalhando com apoio da Secretaria Municipal de Esportes (Semes) de Ji-Paran\u00e1 (Rond\u00f4nia), a Escolinha de Futebol Projeto Crian\u00e7a Feliz, coordenada pelo desportista Ant\u00f4nio Nunes, ganhou esta semana mais uma importante parceria, a da Secretaria Municipal de Educa\u00e7\u00e3o (Semed). Atualmente a escolinha atende mais de 60 crian\u00e7as carentes de bairros pr\u00f3ximos do BNH, como Cafezinho, [&hellip;]<\/p>\n","protected":false},"author":3,"featured_media":0,"comment_status":"open","ping_status":"open","sticky":false,"template":"","format":"standard","meta":{"_genesis_hide_title":false,"_genesis_hide_breadcrumbs":false,"_genesis_hide_singular_image":false,"_genesis_hide_footer_widgets":false,"_genesis_custom_body_class":"","_genesis_custom_post_class":"","_genesis_layout":"","_jetpack_memberships_contains_paid_content":false,"footnotes":""},"categories":[22],"tags":[],"class_list":{"0":"post-7829","1":"post","2":"type-post","3":"status-publish","4":"format-standard","6":"category-brasil","7":"entry","8":"gs-1","9":"gs-odd","10":"gs-even","11":"gs-featured-content-entry"},"jetpack_featured_media_url":"","jetpack_sharing_enabled":true,"jetpack_likes_enabled":true,"_links":{"self":[{"href":"https:\/\/www.redenoticia.com.br\/noticia\/wp-json\/wp\/v2\/posts\/7829","targetHints":{"allow":["GET"]}}],"collection":[{"href":"https:\/\/www.redenoticia.com.br\/noticia\/wp-json\/wp\/v2\/posts"}],"about":[{"href":"https:\/\/www.redenoticia.com.br\/noticia\/wp-json\/wp\/v2\/types\/post"}],"author":[{"embeddable":true,"href":"https:\/\/www.redenoticia.com.br\/noticia\/wp-json\/wp\/v2\/users\/3"}],"replies":[{"embeddable":true,"href":"https:\/\/www.redenoticia.com.br\/noticia\/wp-json\/wp\/v2\/comments?post=7829"}],"version-history":[{"count":0,"href":"https:\/\/www.redenoticia.com.br\/noticia\/wp-json\/wp\/v2\/posts\/7829\/revisions"}],"wp:attachment":[{"href":"https:\/\/www.redenoticia.com.br\/noticia\/wp-json\/wp\/v2\/media?parent=7829"}],"wp:term":[{"taxonomy":"category","embeddable":true,"href":"https:\/\/www.redenoticia.com.br\/noticia\/wp-json\/wp\/v2\/categories?post=7829"},{"taxonomy":"post_tag","embeddable":true,"href":"https:\/\/www.redenoticia.com.br\/noticia\/wp-json\/wp\/v2\/tags?post=7829"}],"curies":[{"name":"wp","href":"https:\/\/api.w.org\/{rel}","templated":true}]}}