{"id":78268,"date":"2015-12-02T18:11:25","date_gmt":"2015-12-02T20:11:25","guid":{"rendered":"http:\/\/www.redenoticia.com.br\/noticia\/?p=78268"},"modified":"2015-12-02T18:11:25","modified_gmt":"2015-12-02T20:11:25","slug":"confianca-do-empresario-do-comercio-recua-34-em-novembro","status":"publish","type":"post","link":"https:\/\/www.redenoticia.com.br\/noticia\/2015\/confianca-do-empresario-do-comercio-recua-34-em-novembro\/78268","title":{"rendered":"Confian\u00e7a do Empres\u00e1rio do Com\u00e9rcio recua 3,4% em novembro"},"content":{"rendered":"<p> O <strong><em>\u00cdndice de Confian\u00e7a do Empres\u00e1rio do Com\u00e9rcio<\/em><\/strong> (Icec), medido pela Confedera\u00e7\u00e3o Nacional do Com\u00e9rcio de Bens, Servi\u00e7os e Turismo (CNC), recuou 3,4% na passagem de outubro para novembro deste ano. Na compara\u00e7\u00e3o com novembro de 2014, a queda da confian\u00e7a chegou a 27,8%.<\/p>\n<p>Com o recuo, o Icec chegou a 80,1 pontos, o mais baixo da s\u00e9rie hist\u00f3rica iniciada em mar\u00e7o de 2011. A queda de 6,4% na compara\u00e7\u00e3o mensal foi provocada por avalia\u00e7\u00f5es piores em rela\u00e7\u00e3o ao momento presente (-6,4%), ao futuro (-2,8%) e aos investimentos (-2,9%).<\/p>\n<p>Os componentes que tiveram maior recuo entre outubro e novembro foram as avalia\u00e7\u00f5es em rela\u00e7\u00e3o ao momento presente da economia (-13,7%) e do setor (-6,2%) e ao futuro da economia (-5,2%).<\/p>\n<p>O recuo de 27,8% na compara\u00e7\u00e3o anual tamb\u00e9m foi provocado por avalia\u00e7\u00f5es piores em rela\u00e7\u00e3o ao momento presente (-50,2%), ao futuro (-17,5%) e aos investimentos (-25,5%). O componente com pior avalia\u00e7\u00e3o foi o momento presente da economia (-68,2%).<\/p>\n<p>Vitor Abdala \u2013 Rep\u00f3rter da Ag\u00eancia Brasil<br \/>\nEdi\u00e7\u00e3o: Jos\u00e9 Romildo<br \/>\n02\/12\/2015<\/p>\n","protected":false},"excerpt":{"rendered":"<p>O \u00cdndice de Confian\u00e7a do Empres\u00e1rio do Com\u00e9rcio (Icec), medido pela Confedera\u00e7\u00e3o Nacional do Com\u00e9rcio de Bens, Servi\u00e7os e Turismo (CNC), recuou 3,4% na passagem de outubro para novembro deste ano. Na compara\u00e7\u00e3o com novembro de 2014, a queda da confian\u00e7a chegou a 27,8%. Com o recuo, o Icec chegou a 80,1 pontos, o mais [&hellip;]<\/p>\n","protected":false},"author":2,"featured_media":57585,"comment_status":"open","ping_status":"closed","sticky":false,"template":"","format":"standard","meta":{"_genesis_hide_title":false,"_genesis_hide_breadcrumbs":false,"_genesis_hide_singular_image":false,"_genesis_hide_footer_widgets":false,"_genesis_custom_body_class":"","_genesis_custom_post_class":"","_genesis_layout":"","_jetpack_memberships_contains_paid_content":false,"footnotes":""},"categories":[22,7],"tags":[],"class_list":{"0":"post-78268","1":"post","2":"type-post","3":"status-publish","4":"format-standard","5":"has-post-thumbnail","7":"category-brasil","8":"category-economia","9":"entry","10":"gs-1","11":"gs-odd","12":"gs-even","13":"gs-featured-content-entry"},"jetpack_featured_media_url":"https:\/\/www.redenoticia.com.br\/noticia\/imagens\/analise-economia.jpg","jetpack_sharing_enabled":true,"jetpack_likes_enabled":true,"_links":{"self":[{"href":"https:\/\/www.redenoticia.com.br\/noticia\/wp-json\/wp\/v2\/posts\/78268","targetHints":{"allow":["GET"]}}],"collection":[{"href":"https:\/\/www.redenoticia.com.br\/noticia\/wp-json\/wp\/v2\/posts"}],"about":[{"href":"https:\/\/www.redenoticia.com.br\/noticia\/wp-json\/wp\/v2\/types\/post"}],"author":[{"embeddable":true,"href":"https:\/\/www.redenoticia.com.br\/noticia\/wp-json\/wp\/v2\/users\/2"}],"replies":[{"embeddable":true,"href":"https:\/\/www.redenoticia.com.br\/noticia\/wp-json\/wp\/v2\/comments?post=78268"}],"version-history":[{"count":0,"href":"https:\/\/www.redenoticia.com.br\/noticia\/wp-json\/wp\/v2\/posts\/78268\/revisions"}],"wp:featuredmedia":[{"embeddable":true,"href":"https:\/\/www.redenoticia.com.br\/noticia\/wp-json\/wp\/v2\/media\/57585"}],"wp:attachment":[{"href":"https:\/\/www.redenoticia.com.br\/noticia\/wp-json\/wp\/v2\/media?parent=78268"}],"wp:term":[{"taxonomy":"category","embeddable":true,"href":"https:\/\/www.redenoticia.com.br\/noticia\/wp-json\/wp\/v2\/categories?post=78268"},{"taxonomy":"post_tag","embeddable":true,"href":"https:\/\/www.redenoticia.com.br\/noticia\/wp-json\/wp\/v2\/tags?post=78268"}],"curies":[{"name":"wp","href":"https:\/\/api.w.org\/{rel}","templated":true}]}}