{"id":78215,"date":"2015-12-01T17:29:16","date_gmt":"2015-12-01T19:29:16","guid":{"rendered":"http:\/\/www.redenoticia.com.br\/noticia\/?p=78215"},"modified":"2015-12-01T17:29:16","modified_gmt":"2015-12-01T19:29:16","slug":"indicadores-da-industria-tem-pior-outubro-desde-2013-mostra-pesquisa-da-cni","status":"publish","type":"post","link":"https:\/\/www.redenoticia.com.br\/noticia\/2015\/indicadores-da-industria-tem-pior-outubro-desde-2013-mostra-pesquisa-da-cni\/78215","title":{"rendered":"Indicadores da ind\u00fastria t\u00eam pior outubro desde 2013, mostra pesquisa da CNI"},"content":{"rendered":"<p>Os principais <strong><em>indicadores da ind\u00fastria de transforma\u00e7\u00e3o<\/em><\/strong> tiveram o pior m\u00eas de outubro desde 2013, de acordo com pesquisa divulgada pela Confedera\u00e7\u00e3o Nacional da Ind\u00fastria (CNI). O faturamento real do setor alcan\u00e7ou 111,4 pontos, com queda de 4% em rela\u00e7\u00e3o a setembro. Em outubro de 2014, o indicador havia ficado em 129,2 pontos e, no mesmo m\u00eas de 2013, em 128,3.<\/p>\n<p>Os \u00edndices de emprego e horas trabalhadas recuaram 0,9% e 0,7% na compara\u00e7\u00e3o com setembro deste ano, atingindo, respectivamente, 102,8 e 90,5 pontos. Ambos ca\u00edram pelo nono m\u00eas consecutivo e tamb\u00e9m tiveram o pior resultado para outubro em dois anos. Em outubro de 2014, o indicador do emprego ficou em 114,9 pontos e, em 2013, em 111,5. O \u00edndice relativo \u00e0s horas trabalhadas registrou 108,2 pontos em outubro de 2014 e 102 pontos em igual m\u00eas de 2013.<\/p>\n<p>A massa salarial real caiu 1% na passagem de setembro para outubro, marcando 117,9 pontos. Tamb\u00e9m \u00e9 o resultado mais fraco desde outubro de 2013. Segundo a CNI, \u201ca retra\u00e7\u00e3o do emprego e dos sal\u00e1rios \u00e9 resultado da forte queda da atividade industrial\u201d. Os dados s\u00e3o dessazonalizados (ajustados para o per\u00edodo).<\/p>\n<p>A utiliza\u00e7\u00e3o da capacidade instalada tamb\u00e9m indica a retra\u00e7\u00e3o da atividade no setor. O indicador ficou em 77,7% em outubro de 2015, inferior aos percentuais de 81% e 82,4% registrados em outubro de 2014 e de 2013. Na compara\u00e7\u00e3o com setembro deste ano, o \u00edndice ficou praticamente est\u00e1vel, crescendo 0,1 ponto percentual.<\/p>\n<p>Mariana Branco &#8211; Rep\u00f3rter da Ag\u00eancia Brasil<br \/>\nEdi\u00e7\u00e3o: Juliana Andrade<br \/>\n01\/12\/2015<\/p>\n","protected":false},"excerpt":{"rendered":"<p>Os principais indicadores da ind\u00fastria de transforma\u00e7\u00e3o tiveram o pior m\u00eas de outubro desde 2013, de acordo com pesquisa divulgada pela Confedera\u00e7\u00e3o Nacional da Ind\u00fastria (CNI). O faturamento real do setor alcan\u00e7ou 111,4 pontos, com queda de 4% em rela\u00e7\u00e3o a setembro. Em outubro de 2014, o indicador havia ficado em 129,2 pontos e, no [&hellip;]<\/p>\n","protected":false},"author":2,"featured_media":57582,"comment_status":"open","ping_status":"closed","sticky":false,"template":"","format":"standard","meta":{"_genesis_hide_title":false,"_genesis_hide_breadcrumbs":false,"_genesis_hide_singular_image":false,"_genesis_hide_footer_widgets":false,"_genesis_custom_body_class":"","_genesis_custom_post_class":"","_genesis_layout":"","_jetpack_memberships_contains_paid_content":false,"footnotes":""},"categories":[22,7],"tags":[],"class_list":{"0":"post-78215","1":"post","2":"type-post","3":"status-publish","4":"format-standard","5":"has-post-thumbnail","7":"category-brasil","8":"category-economia","9":"entry","10":"gs-1","11":"gs-odd","12":"gs-even","13":"gs-featured-content-entry"},"jetpack_featured_media_url":"https:\/\/www.redenoticia.com.br\/noticia\/imagens\/grafico1.jpg","jetpack_sharing_enabled":true,"jetpack_likes_enabled":true,"_links":{"self":[{"href":"https:\/\/www.redenoticia.com.br\/noticia\/wp-json\/wp\/v2\/posts\/78215","targetHints":{"allow":["GET"]}}],"collection":[{"href":"https:\/\/www.redenoticia.com.br\/noticia\/wp-json\/wp\/v2\/posts"}],"about":[{"href":"https:\/\/www.redenoticia.com.br\/noticia\/wp-json\/wp\/v2\/types\/post"}],"author":[{"embeddable":true,"href":"https:\/\/www.redenoticia.com.br\/noticia\/wp-json\/wp\/v2\/users\/2"}],"replies":[{"embeddable":true,"href":"https:\/\/www.redenoticia.com.br\/noticia\/wp-json\/wp\/v2\/comments?post=78215"}],"version-history":[{"count":0,"href":"https:\/\/www.redenoticia.com.br\/noticia\/wp-json\/wp\/v2\/posts\/78215\/revisions"}],"wp:featuredmedia":[{"embeddable":true,"href":"https:\/\/www.redenoticia.com.br\/noticia\/wp-json\/wp\/v2\/media\/57582"}],"wp:attachment":[{"href":"https:\/\/www.redenoticia.com.br\/noticia\/wp-json\/wp\/v2\/media?parent=78215"}],"wp:term":[{"taxonomy":"category","embeddable":true,"href":"https:\/\/www.redenoticia.com.br\/noticia\/wp-json\/wp\/v2\/categories?post=78215"},{"taxonomy":"post_tag","embeddable":true,"href":"https:\/\/www.redenoticia.com.br\/noticia\/wp-json\/wp\/v2\/tags?post=78215"}],"curies":[{"name":"wp","href":"https:\/\/api.w.org\/{rel}","templated":true}]}}