{"id":78213,"date":"2015-12-01T17:27:43","date_gmt":"2015-12-01T19:27:43","guid":{"rendered":"http:\/\/www.redenoticia.com.br\/noticia\/?p=78213"},"modified":"2015-12-01T17:27:43","modified_gmt":"2015-12-01T19:27:43","slug":"inflacao-acumulada-em-novembro-chega-a-1039-mostra-fgv","status":"publish","type":"post","link":"https:\/\/www.redenoticia.com.br\/noticia\/2015\/inflacao-acumulada-em-novembro-chega-a-1039-mostra-fgv\/78213","title":{"rendered":"Infla\u00e7\u00e3o acumulada em novembro chega a 10,39%, mostra FGV"},"content":{"rendered":"<p>O <strong><em>\u00cdndice de Pre\u00e7os ao Consumidor Semanal<\/em><\/strong> (IPC-S), medido pelo Instituto Brasileiro de Economia da Funda\u00e7\u00e3o Getulio Vargas (Ibre\/FGV), encerrou novembro com varia\u00e7\u00e3o de 1%, o que significa uma eleva\u00e7\u00e3o de 0,06 ponto percentual sobre a \u00faltima apura\u00e7\u00e3o referente \u00e0 terceira pr\u00e9via do m\u00eas. Com o resultado, a infla\u00e7\u00e3o acumulada no ano atingiu 9,57% e, nos \u00faltimos 12 meses, 10,39%.<\/p>\n<p>Dos oito grupos pesquisados, quatro tiveram eleva\u00e7\u00e3o no ritmo de alta na \u00faltima semana do m\u00eas sobre a semana anterior, com destaque para alimenta\u00e7\u00e3o, que subiu de 1,58% para 1,85%. Entre os itens que mais registraram alta est\u00e3o as hortali\u00e7as e legumes, com reajuste m\u00e9dio de 21,61% sobre uma alta registrada na terceira pr\u00e9via de novembro de 15,86%.<\/p>\n<p>No grupo educa\u00e7\u00e3o, leitura e recrea\u00e7\u00e3o, o aumento passou de 0,36% para 0,55%. Em comunica\u00e7\u00e3o, variou de 0,30% para 0,53% e, em habita\u00e7\u00e3o, de 0,65% para 0,66%. Nas demais classes de despesas, as altas ocorreram com menos intensidade do que na \u00faltima pesquisa. Em transportes, a taxa passou de 1,35% para 1,19%; em vestu\u00e1rio, de 0,73% para 0,56%; em sa\u00fade e cuidados pessoais, de 0,63% para 0,61%) e, em despesas diversas, de 0,07% para 0,06%.<\/p>\n<p>\u00daltima semana<\/p>\n<p>Os itens que mais contribu\u00edram para o avan\u00e7o inflacion\u00e1rio na \u00faltima semana de novembro foram o tomate (com alta de 40,73%), a batata-inglesa (40,89%), a gasolina (2,67%), a tarifa de eletricidade residencial (1,95% e o etanol (7,96%). J\u00e1 os que apresentaram recuos foram os itens geladeira e freezer (-1,48%), alimentos preparados e congelados de ave (-1,25%), manga (-7,08%), alimentos para animais dom\u00e9sticos (-1,66%) e leite em p\u00f3 (-1,69%).<\/p>\n<p>Marli Moreira &#8211; Rep\u00f3rter da Ag\u00eancia Brasil<br \/>\nEdi\u00e7\u00e3o: Talita Cavalcante<br \/>\n01\/12\/2015<\/p>\n","protected":false},"excerpt":{"rendered":"<p>O \u00cdndice de Pre\u00e7os ao Consumidor Semanal (IPC-S), medido pelo Instituto Brasileiro de Economia da Funda\u00e7\u00e3o Getulio Vargas (Ibre\/FGV), encerrou novembro com varia\u00e7\u00e3o de 1%, o que significa uma eleva\u00e7\u00e3o de 0,06 ponto percentual sobre a \u00faltima apura\u00e7\u00e3o referente \u00e0 terceira pr\u00e9via do m\u00eas. Com o resultado, a infla\u00e7\u00e3o acumulada no ano atingiu 9,57% e, [&hellip;]<\/p>\n","protected":false},"author":2,"featured_media":57584,"comment_status":"open","ping_status":"closed","sticky":false,"template":"","format":"standard","meta":{"_genesis_hide_title":false,"_genesis_hide_breadcrumbs":false,"_genesis_hide_singular_image":false,"_genesis_hide_footer_widgets":false,"_genesis_custom_body_class":"","_genesis_custom_post_class":"","_genesis_layout":"","_jetpack_memberships_contains_paid_content":false,"footnotes":""},"categories":[22,7],"tags":[],"class_list":{"0":"post-78213","1":"post","2":"type-post","3":"status-publish","4":"format-standard","5":"has-post-thumbnail","7":"category-brasil","8":"category-economia","9":"entry","10":"gs-1","11":"gs-odd","12":"gs-even","13":"gs-featured-content-entry"},"jetpack_featured_media_url":"https:\/\/www.redenoticia.com.br\/noticia\/imagens\/economia-grafica-analise-inflacao.jpg","jetpack_sharing_enabled":true,"jetpack_likes_enabled":true,"_links":{"self":[{"href":"https:\/\/www.redenoticia.com.br\/noticia\/wp-json\/wp\/v2\/posts\/78213","targetHints":{"allow":["GET"]}}],"collection":[{"href":"https:\/\/www.redenoticia.com.br\/noticia\/wp-json\/wp\/v2\/posts"}],"about":[{"href":"https:\/\/www.redenoticia.com.br\/noticia\/wp-json\/wp\/v2\/types\/post"}],"author":[{"embeddable":true,"href":"https:\/\/www.redenoticia.com.br\/noticia\/wp-json\/wp\/v2\/users\/2"}],"replies":[{"embeddable":true,"href":"https:\/\/www.redenoticia.com.br\/noticia\/wp-json\/wp\/v2\/comments?post=78213"}],"version-history":[{"count":0,"href":"https:\/\/www.redenoticia.com.br\/noticia\/wp-json\/wp\/v2\/posts\/78213\/revisions"}],"wp:featuredmedia":[{"embeddable":true,"href":"https:\/\/www.redenoticia.com.br\/noticia\/wp-json\/wp\/v2\/media\/57584"}],"wp:attachment":[{"href":"https:\/\/www.redenoticia.com.br\/noticia\/wp-json\/wp\/v2\/media?parent=78213"}],"wp:term":[{"taxonomy":"category","embeddable":true,"href":"https:\/\/www.redenoticia.com.br\/noticia\/wp-json\/wp\/v2\/categories?post=78213"},{"taxonomy":"post_tag","embeddable":true,"href":"https:\/\/www.redenoticia.com.br\/noticia\/wp-json\/wp\/v2\/tags?post=78213"}],"curies":[{"name":"wp","href":"https:\/\/api.w.org\/{rel}","templated":true}]}}