{"id":78208,"date":"2015-12-01T17:24:14","date_gmt":"2015-12-01T19:24:14","guid":{"rendered":"http:\/\/www.redenoticia.com.br\/noticia\/?p=78208"},"modified":"2015-12-01T17:24:14","modified_gmt":"2015-12-01T19:24:14","slug":"queda-da-atividade-economica-impacta-resultado-fiscal","status":"publish","type":"post","link":"https:\/\/www.redenoticia.com.br\/noticia\/2015\/queda-da-atividade-economica-impacta-resultado-fiscal\/78208","title":{"rendered":"Queda da atividade econ\u00f4mica impacta resultado fiscal"},"content":{"rendered":"<p>A redu\u00e7\u00e3o da <strong><em>arrecada\u00e7\u00e3o de tributos<\/em><\/strong> em raz\u00e3o da queda da atividade econ\u00f4mica levou o setor p\u00fablico a registrar o primeiro d\u00e9ficit prim\u00e1rio em meses de outubro. O resultado negativo de R$ 11,530 bilh\u00f5es tamb\u00e9m foi impactado pelo adiamento do cronograma de pagamentos de parcela do 13\u00ba sal\u00e1rio de aposentados e pensionistas de setembro para outubro, disse o chefe-adjunto do Departamento Econ\u00f4mico do Banco Central (BC), Fernando Rocha.<\/p>\n<p>\u201cEsse fator impacta um pouco a compara\u00e7\u00e3o com o resultado de outubro do ano passado. Distorce ligeiramente a sazonalidade do m\u00eas\u201d, disse Rocha.<\/p>\n<p>Nos dez meses do ano, o setor p\u00fablico registrou d\u00e9ficit prim\u00e1rio de R$ 19,953 bilh\u00f5es. O governo central acusou d\u00e9ficit prim\u00e1rio de R$ 34,041 bilh\u00f5es.<\/p>\n<p>Os governos regionais (estados e munic\u00edpios) apresentaram super\u00e1vit prim\u00e1rio de R$ 17,143 bilh\u00f5es, o maior para o per\u00edodo de dez meses desde 2013.<\/p>\n<p>Segundo Rocha, as receitas dos governos regionais tamb\u00e9m s\u00e3o afetadas pela queda da atividade econ\u00f4mica, mas com o aumento das tarifas de energia el\u00e9trica e de combust\u00edveis, houve crescimento da arrecada\u00e7\u00e3o dos estados e munic\u00edpios.<\/p>\n<p>Rocha acrescentou que houve tamb\u00e9m \u201cum controle maior de despesas com investimento que segurou a evolu\u00e7\u00e3o das despesas\u201d dos estados e munic\u00edpios.<\/p>\n<p>Os gastos com os juros que incidem sobre a d\u00edvida chegaram a R$ 17,884 bilh\u00f5es em outubro. Em setembro, eles foram maiores: R$ 69,993 bilh\u00f5es.<\/p>\n<p>Essa redu\u00e7\u00e3o ocorreu devido ao impacto nas opera\u00e7\u00f5es do BC de swap cambial, equivalentes a venda de d\u00f3lares no mercado futuro. Nos meses em que o d\u00f3lar sobe, o BC tem preju\u00edzo com as opera\u00e7\u00f5es de swap.<br \/>\nQuando a cota\u00e7\u00e3o cai, Banco Central tem lucro. Os resultados s\u00e3o transferidos para os juros da d\u00edvida p\u00fablica.<\/p>\n<p>Em setembro, o BC registrou perdas de R$ 38,6 bilh\u00f5es com opera\u00e7\u00f5es de swap cambial. Em outubro, com queda do d\u00f3lar de 2,87%, houve ganho de R$ 19,030 bilh\u00f5es. De janeiro at\u00e9 20 de novembro, o BC acumula perdas de R$ 83,4 bilh\u00f5es.<\/p>\n<p>Ao mesmo tempo que a alta do d\u00f3lar gera perdas com opera\u00e7\u00f5es de swap, ajuda a diminuir a d\u00edvida l\u00edquida do setor p\u00fablico (balan\u00e7o entre o total de ativos e passivos dos governos federal, estaduais e municipais).<\/p>\n<p>Isso acontece porque as reservas internacionais, ativos da d\u00edvida p\u00fablica, s\u00e3o em d\u00f3lar. Em setembro, houve ganhos de rentabilidade das reservas internacionais no total de R$ 95,118 bilh\u00f5es.<\/p>\n<p>J\u00e1 em outubro, com a queda do d\u00f3lar, as perdas chegaram a R$ 44,323 bilh\u00f5es. De janeiro a 20 de novembro deste ano, os ganhos de rentabilidade das reservas internacionais, menos o custo de capta\u00e7\u00e3o, ficaram em R$ 213,257 bilh\u00f5es.<\/p>\n<p>A d\u00edvida l\u00edquida do setor p\u00fablico chegou a R$ 1,972 trilh\u00e3o em outubro, o que corresponde a 34,2% do Produto Interno Bruto (PIB), com aumento de 1 ponto percentual em rela\u00e7\u00e3o a setembro.<\/p>\n<p>A d\u00edvida bruta (contabiliza apenas os passivos dos governos federal, estaduais e municipais) chegou a R$ 3,814 trilh\u00f5es ou 66,1% do PIB, aumento 0,1 ponto percentual em rela\u00e7\u00e3o a setembro.<\/p>\n<p>Kelly Oliveira \u2013 Rep\u00f3rter da Ag\u00eancia Brasil<br \/>\nEdi\u00e7\u00e3o: Kleber Sampaio<br \/>\n01\/12\/2015<\/p>\n","protected":false},"excerpt":{"rendered":"<p>A redu\u00e7\u00e3o da arrecada\u00e7\u00e3o de tributos em raz\u00e3o da queda da atividade econ\u00f4mica levou o setor p\u00fablico a registrar o primeiro d\u00e9ficit prim\u00e1rio em meses de outubro. O resultado negativo de R$ 11,530 bilh\u00f5es tamb\u00e9m foi impactado pelo adiamento do cronograma de pagamentos de parcela do 13\u00ba sal\u00e1rio de aposentados e pensionistas de setembro para [&hellip;]<\/p>\n","protected":false},"author":2,"featured_media":57585,"comment_status":"open","ping_status":"closed","sticky":false,"template":"","format":"standard","meta":{"_genesis_hide_title":false,"_genesis_hide_breadcrumbs":false,"_genesis_hide_singular_image":false,"_genesis_hide_footer_widgets":false,"_genesis_custom_body_class":"","_genesis_custom_post_class":"","_genesis_layout":"","_jetpack_memberships_contains_paid_content":false,"footnotes":""},"categories":[22,7],"tags":[],"class_list":{"0":"post-78208","1":"post","2":"type-post","3":"status-publish","4":"format-standard","5":"has-post-thumbnail","7":"category-brasil","8":"category-economia","9":"entry","10":"gs-1","11":"gs-odd","12":"gs-even","13":"gs-featured-content-entry"},"jetpack_featured_media_url":"https:\/\/www.redenoticia.com.br\/noticia\/imagens\/analise-economia.jpg","jetpack_sharing_enabled":true,"jetpack_likes_enabled":true,"_links":{"self":[{"href":"https:\/\/www.redenoticia.com.br\/noticia\/wp-json\/wp\/v2\/posts\/78208","targetHints":{"allow":["GET"]}}],"collection":[{"href":"https:\/\/www.redenoticia.com.br\/noticia\/wp-json\/wp\/v2\/posts"}],"about":[{"href":"https:\/\/www.redenoticia.com.br\/noticia\/wp-json\/wp\/v2\/types\/post"}],"author":[{"embeddable":true,"href":"https:\/\/www.redenoticia.com.br\/noticia\/wp-json\/wp\/v2\/users\/2"}],"replies":[{"embeddable":true,"href":"https:\/\/www.redenoticia.com.br\/noticia\/wp-json\/wp\/v2\/comments?post=78208"}],"version-history":[{"count":0,"href":"https:\/\/www.redenoticia.com.br\/noticia\/wp-json\/wp\/v2\/posts\/78208\/revisions"}],"wp:featuredmedia":[{"embeddable":true,"href":"https:\/\/www.redenoticia.com.br\/noticia\/wp-json\/wp\/v2\/media\/57585"}],"wp:attachment":[{"href":"https:\/\/www.redenoticia.com.br\/noticia\/wp-json\/wp\/v2\/media?parent=78208"}],"wp:term":[{"taxonomy":"category","embeddable":true,"href":"https:\/\/www.redenoticia.com.br\/noticia\/wp-json\/wp\/v2\/categories?post=78208"},{"taxonomy":"post_tag","embeddable":true,"href":"https:\/\/www.redenoticia.com.br\/noticia\/wp-json\/wp\/v2\/tags?post=78208"}],"curies":[{"name":"wp","href":"https:\/\/api.w.org\/{rel}","templated":true}]}}