{"id":78059,"date":"2015-11-27T18:27:52","date_gmt":"2015-11-27T20:27:52","guid":{"rendered":"http:\/\/www.redenoticia.com.br\/noticia\/?p=78059"},"modified":"2015-11-27T18:27:52","modified_gmt":"2015-11-27T20:27:52","slug":"imposto-de-renda-sobre-lucros-e-dividendos-poderia-substituir-cpmf-diz-cofecon","status":"publish","type":"post","link":"https:\/\/www.redenoticia.com.br\/noticia\/2015\/imposto-de-renda-sobre-lucros-e-dividendos-poderia-substituir-cpmf-diz-cofecon\/78059","title":{"rendered":"Imposto de Renda sobre lucros e dividendos poderia substituir CPMF, diz Cofecon"},"content":{"rendered":"<p>A cobran\u00e7a de <strong><em>Imposto de Renda (IR) sobre lucros e dividendos<\/em><\/strong> poderia substituir, com vantagem, a Contribui\u00e7\u00e3o Provis\u00f3ria sobre Movimenta\u00e7\u00e3o Financeira (CPMF), informou o Conselho Federal de Economia (Cofecon). A entidade pediu a restitui\u00e7\u00e3o do tributo, que deixou de ser cobrado em 1995, em carta aberta \u00e0 Presid\u00eancia da Rep\u00fablica e ao Congresso Nacional.<\/p>\n<p>De acordo com o Cofecon, a medida renderia ao governo R$ 43 bilh\u00f5es por ano caso fosse aplicada a al\u00edquota de 15% incidente sobre rendimentos de capital. Se fosse aplicada a tabela progressiva, com teto de 27,5%, a receita extra subiria para R$ 59 bilh\u00f5es por ano. Recentemente, o governo federal reduziu de R$ 32 bilh\u00f5es para R$ 24 bilh\u00f5es a estimativa de arrecada\u00e7\u00e3o da CPMF em 2016, caso o tributo seja recriado.<\/p>\n<p>\u201cEssa \u00e9 uma medida que levanta muito mais recursos que a CPMF e de implanta\u00e7\u00e3o mais simples\u201d, disse o presidente do Cofecon, Paulo Dantas. Al\u00e9m de ajudar a equilibrar as contas p\u00fablicas, a medida, segundo ele, traz justi\u00e7a social \u00e0 medida que aumenta a tributa\u00e7\u00e3o sobre os mais ricos. \u201cNo Brasil, cobra-se pouco imposto sobre as altas rendas\u201d, acrescentou.<\/p>\n<p>O Cofecon apresentou estat\u00edsticas da Receita Federal para comprovar como o sistema tribut\u00e1rio brasileiro favorece os mais ricos. Em 2014, as 71.440 pessoas mais ricas do pa\u00eds, cujos rendimentos m\u00e9dios mensais superam R$ 108,5 mil, pagaram, em m\u00e9dia, 6,7% do IR. Para as faixas intermedi\u00e1rias, com rendimentos mensais entre R$ 13,6 mil e R$ 27,1 mil, a al\u00edquota m\u00e9dia somou 11,8%.<\/p>\n<p>Com a incid\u00eancia de IR sobre os lucros e os dividendos, o imposto m\u00e9dio para as maiores faixas de renda subiria para 13,2%, com al\u00edquota de 15%, e para 17,5%, com a aplica\u00e7\u00e3o da tabela progressiva. De acordo com a entidade, esse tipo de taxa\u00e7\u00e3o vigora em 35 dos 36 pa\u00edses da Organiza\u00e7\u00e3o para a Coopera\u00e7\u00e3o e Desenvolvimento Econ\u00f4mico (OCDE), grupo que re\u00fane os pa\u00edses mais industrializados do mundo, mas do qual o Brasil n\u00e3o faz parte.<\/p>\n<p>Segundo o Cofecon, a retomada da cobran\u00e7a do IR nessa modalidade aumentar\u00e1 a justi\u00e7a tribut\u00e1ria no pa\u00eds. No Brasil, 23% dos tributos cobrados incidem sobre a renda e o patrim\u00f4nio e 50% sobre o consumo. Nos Estados Unidos, a propor\u00e7\u00e3o \u00e9 contr\u00e1ria: 45% sobre a renda e o patrim\u00f4nio e 20% sobre o consumo. A tributa\u00e7\u00e3o sobre o consumo pune os mais pobres porque eles consomem, proporcionalmente, maior parcela da renda em impostos quando compram um produto.<\/p>\n<p>De acordo com Dantas, al\u00e9m de melhorar a distribui\u00e7\u00e3o da carga tribut\u00e1ria, a taxa\u00e7\u00e3o dos lucros e dos dividendos pode elevar a competitividade da economia brasileira. \u201cCom a arrecada\u00e7\u00e3o extra, o governo poderia abrir m\u00e3o de tributos que oneram o setor produtivo, contribuindo para a cria\u00e7\u00e3o de empregos e a retomada do crescimento\u201d, declarou.<\/p>\n<p>Wellton M\u00e1ximo \u2013 Rep\u00f3rter da Ag\u00eancia Brasil<br \/>\nEdi\u00e7\u00e3o: F\u00e1bio Massalli<br \/>\n27\/11\/2015<\/p>\n","protected":false},"excerpt":{"rendered":"<p>A cobran\u00e7a de Imposto de Renda (IR) sobre lucros e dividendos poderia substituir, com vantagem, a Contribui\u00e7\u00e3o Provis\u00f3ria sobre Movimenta\u00e7\u00e3o Financeira (CPMF), informou o Conselho Federal de Economia (Cofecon). A entidade pediu a restitui\u00e7\u00e3o do tributo, que deixou de ser cobrado em 1995, em carta aberta \u00e0 Presid\u00eancia da Rep\u00fablica e ao Congresso Nacional. De [&hellip;]<\/p>\n","protected":false},"author":2,"featured_media":38938,"comment_status":"open","ping_status":"closed","sticky":false,"template":"","format":"standard","meta":{"_genesis_hide_title":false,"_genesis_hide_breadcrumbs":false,"_genesis_hide_singular_image":false,"_genesis_hide_footer_widgets":false,"_genesis_custom_body_class":"","_genesis_custom_post_class":"","_genesis_layout":"","_jetpack_memberships_contains_paid_content":false,"footnotes":""},"categories":[22,7],"tags":[],"class_list":{"0":"post-78059","1":"post","2":"type-post","3":"status-publish","4":"format-standard","5":"has-post-thumbnail","7":"category-brasil","8":"category-economia","9":"entry","10":"gs-1","11":"gs-odd","12":"gs-even","13":"gs-featured-content-entry"},"jetpack_featured_media_url":"https:\/\/www.redenoticia.com.br\/noticia\/imagens\/economia1.jpg","jetpack_sharing_enabled":true,"jetpack_likes_enabled":true,"_links":{"self":[{"href":"https:\/\/www.redenoticia.com.br\/noticia\/wp-json\/wp\/v2\/posts\/78059","targetHints":{"allow":["GET"]}}],"collection":[{"href":"https:\/\/www.redenoticia.com.br\/noticia\/wp-json\/wp\/v2\/posts"}],"about":[{"href":"https:\/\/www.redenoticia.com.br\/noticia\/wp-json\/wp\/v2\/types\/post"}],"author":[{"embeddable":true,"href":"https:\/\/www.redenoticia.com.br\/noticia\/wp-json\/wp\/v2\/users\/2"}],"replies":[{"embeddable":true,"href":"https:\/\/www.redenoticia.com.br\/noticia\/wp-json\/wp\/v2\/comments?post=78059"}],"version-history":[{"count":0,"href":"https:\/\/www.redenoticia.com.br\/noticia\/wp-json\/wp\/v2\/posts\/78059\/revisions"}],"wp:featuredmedia":[{"embeddable":true,"href":"https:\/\/www.redenoticia.com.br\/noticia\/wp-json\/wp\/v2\/media\/38938"}],"wp:attachment":[{"href":"https:\/\/www.redenoticia.com.br\/noticia\/wp-json\/wp\/v2\/media?parent=78059"}],"wp:term":[{"taxonomy":"category","embeddable":true,"href":"https:\/\/www.redenoticia.com.br\/noticia\/wp-json\/wp\/v2\/categories?post=78059"},{"taxonomy":"post_tag","embeddable":true,"href":"https:\/\/www.redenoticia.com.br\/noticia\/wp-json\/wp\/v2\/tags?post=78059"}],"curies":[{"name":"wp","href":"https:\/\/api.w.org\/{rel}","templated":true}]}}