{"id":78057,"date":"2015-11-27T18:26:00","date_gmt":"2015-11-27T20:26:00","guid":{"rendered":"http:\/\/www.redenoticia.com.br\/noticia\/?p=78057"},"modified":"2015-11-27T18:26:00","modified_gmt":"2015-11-27T20:26:00","slug":"inadimplencia-deve-subir-em-momento-de-retracao-da-economia-diz-banco-central","status":"publish","type":"post","link":"https:\/\/www.redenoticia.com.br\/noticia\/2015\/inadimplencia-deve-subir-em-momento-de-retracao-da-economia-diz-banco-central\/78057","title":{"rendered":"Inadimpl\u00eancia deve subir em momento de retra\u00e7\u00e3o da economia, diz Banco Central"},"content":{"rendered":"<p>Os n\u00edveis de <strong><em>inadimpl\u00eancia<\/em><\/strong> dos empr\u00e9stimos banc\u00e1rios est\u00e3o baixos, mas, de acordo com o chefe adjunto do Departamento Econ\u00f4mico do Banco Central (BC), Fernando Rocha, a expectativa \u00e9 de crescimento, devido ao aumento do desemprego e a redu\u00e7\u00e3o da renda, em momento de retra\u00e7\u00e3o da economia. \u201c\u00c9 esperado algum crescimento da inadimpl\u00eancia de acordo com o ciclo econ\u00f4mico\u201d, disse.<\/p>\n<p>Ele lembrou, no entanto, que os bancos est\u00e3o bem capitalizados e provisionados (com dinheiro reservado) para lidar com a situa\u00e7\u00e3o.<\/p>\n<p>De setembro para outubro, a inadimpl\u00eancia das fam\u00edlias, considerados os atrasos superiores a 90 dias, subiu 0,1 ponto percentual para 5,8%. A inadimpl\u00eancia das empresas subiu 0,2 ponto percentual para 4,3%.<\/p>\n<p>Especificamente no m\u00eas passado, a greve dos banc\u00e1rios, entre os dias 6 e 23 de outubro, tamb\u00e9m influenciou os dados da inadimpl\u00eancia. Segundo Rocha, os clientes podem ter tido dificuldades para renegociar d\u00edvidas, no per\u00edodo da greve.<\/p>\n<p>A paralisa\u00e7\u00e3o dos banc\u00e1rios tamb\u00e9m gerou impacto na concess\u00e3o de empr\u00e9stimos pelos bancos. De setembro para outubro, os bancos concederam menos empr\u00e9stimos \u00e0s pessoas f\u00edsicas (queda de 0,3%) e \u00e0s empresas (5,5%).<br \/>\nPara Rocha, al\u00e9m da greve, as concess\u00f5es de empr\u00e9stimos foram influenciadas pelo aumento do desemprego, a redu\u00e7\u00e3o na renda das fam\u00edlias e tamb\u00e9m nas vendas, que refletem a retra\u00e7\u00e3o da economia.<\/p>\n<p>Cr\u00e9dito<br \/>\nEm outubro ocorreu a primeira queda do ano no saldo devedor do cr\u00e9dito, inclu\u00eddas as novas concess\u00f5es e os juros devidos pelos clientes aos bancos. O saldo total do cr\u00e9dito chegou a R$ 3,157 trilh\u00f5es, com retra\u00e7\u00e3o de 0,1% no m\u00eas.<\/p>\n<p>Segundo Rocha, al\u00e9m da influ\u00eancia da queda da atividade econ\u00f4mica, a redu\u00e7\u00e3o no saldo \u00e9 impactada pela alta do d\u00f3lar, porque h\u00e1 empr\u00e9stimos vinculados \u00e0 varia\u00e7\u00e3o cambial. Outro fator \u00e9 que o saldo do cr\u00e9dito em rela\u00e7\u00e3o ao Produto Interno Bruto (PIB), soma de todos os bens e servi\u00e7os produzidos no pa\u00eds, est\u00e1 em 54,7%. \u201cBem maior do que era antes. Ent\u00e3o as taxas [de crescimento] ser\u00e3o naturalmente menores\u201d, disse.<\/p>\n<p>Juros<br \/>\nOs dados do BC tamb\u00e9m mostram aumento nas taxas de juros. A taxa m\u00e9dia de juros cobradas das pessoas f\u00edsicas subiu 2,5 pontos percentuais de setembro para outubro, quando ficou em 64,8% ao ano. As empresas pagaram 0,9 ponto percentual a mais, com taxa em 30,2% ao ano.<\/p>\n<p>A taxa de juros do cheque especial subiu 14,4 pontos percentuais para 278,1% ao ano. A taxa do cr\u00e9dito consignado subiu 0,5 ponto percentual para 28,1% ao ano. No caso da taxa para a compra de ve\u00edculos, a alta foi 0,3 ponto percentual para 25,9% ao ano.<\/p>\n<p>J\u00e1 a taxa dos juros do rotativo do cart\u00e3o de cr\u00e9dito caiu 8,2 pontos percentuais, mas ainda assim continua sendo a mais alta entre as modalidades pesquisadas pelo BC (406,1% ao ano). Esses dados s\u00e3o do cr\u00e9dito livre, em que os bancos t\u00eam autonomia para aplicar o dinheiro captado no mercado e definir as taxas de juros.<\/p>\n<p>Para o chefe adjunto do Departamento Econ\u00f4mico do Banco Central, a queda na taxa do rotativo do cart\u00e3o foi pontual e os juros dessa modalidade continuam muito altos. Ele orienta os clientes banc\u00e1rios a evitarem usar o cheque especial e o rotativo do cart\u00e3o de cr\u00e9dito. Caso seja realmente necess\u00e1rio, o uso dessas modalidades deve ser por \u201ccurt\u00edssimo prazo\u201d, diz Rocha.<\/p>\n<p>Kelly Oliveira \u2013 Rep\u00f3rter da Ag\u00eancia Brasil<br \/>\nEdi\u00e7\u00e3o: Denise Griesinger<br \/>\n27\/11\/2015<\/p>\n","protected":false},"excerpt":{"rendered":"<p>Os n\u00edveis de inadimpl\u00eancia dos empr\u00e9stimos banc\u00e1rios est\u00e3o baixos, mas, de acordo com o chefe adjunto do Departamento Econ\u00f4mico do Banco Central (BC), Fernando Rocha, a expectativa \u00e9 de crescimento, devido ao aumento do desemprego e a redu\u00e7\u00e3o da renda, em momento de retra\u00e7\u00e3o da economia. \u201c\u00c9 esperado algum crescimento da inadimpl\u00eancia de acordo com [&hellip;]<\/p>\n","protected":false},"author":2,"featured_media":57582,"comment_status":"open","ping_status":"closed","sticky":false,"template":"","format":"standard","meta":{"_genesis_hide_title":false,"_genesis_hide_breadcrumbs":false,"_genesis_hide_singular_image":false,"_genesis_hide_footer_widgets":false,"_genesis_custom_body_class":"","_genesis_custom_post_class":"","_genesis_layout":"","_jetpack_memberships_contains_paid_content":false,"footnotes":""},"categories":[22,7],"tags":[],"class_list":{"0":"post-78057","1":"post","2":"type-post","3":"status-publish","4":"format-standard","5":"has-post-thumbnail","7":"category-brasil","8":"category-economia","9":"entry","10":"gs-1","11":"gs-odd","12":"gs-even","13":"gs-featured-content-entry"},"jetpack_featured_media_url":"https:\/\/www.redenoticia.com.br\/noticia\/imagens\/grafico1.jpg","jetpack_sharing_enabled":true,"jetpack_likes_enabled":true,"_links":{"self":[{"href":"https:\/\/www.redenoticia.com.br\/noticia\/wp-json\/wp\/v2\/posts\/78057","targetHints":{"allow":["GET"]}}],"collection":[{"href":"https:\/\/www.redenoticia.com.br\/noticia\/wp-json\/wp\/v2\/posts"}],"about":[{"href":"https:\/\/www.redenoticia.com.br\/noticia\/wp-json\/wp\/v2\/types\/post"}],"author":[{"embeddable":true,"href":"https:\/\/www.redenoticia.com.br\/noticia\/wp-json\/wp\/v2\/users\/2"}],"replies":[{"embeddable":true,"href":"https:\/\/www.redenoticia.com.br\/noticia\/wp-json\/wp\/v2\/comments?post=78057"}],"version-history":[{"count":0,"href":"https:\/\/www.redenoticia.com.br\/noticia\/wp-json\/wp\/v2\/posts\/78057\/revisions"}],"wp:featuredmedia":[{"embeddable":true,"href":"https:\/\/www.redenoticia.com.br\/noticia\/wp-json\/wp\/v2\/media\/57582"}],"wp:attachment":[{"href":"https:\/\/www.redenoticia.com.br\/noticia\/wp-json\/wp\/v2\/media?parent=78057"}],"wp:term":[{"taxonomy":"category","embeddable":true,"href":"https:\/\/www.redenoticia.com.br\/noticia\/wp-json\/wp\/v2\/categories?post=78057"},{"taxonomy":"post_tag","embeddable":true,"href":"https:\/\/www.redenoticia.com.br\/noticia\/wp-json\/wp\/v2\/tags?post=78057"}],"curies":[{"name":"wp","href":"https:\/\/api.w.org\/{rel}","templated":true}]}}