{"id":78053,"date":"2015-11-27T18:22:10","date_gmt":"2015-11-27T20:22:10","guid":{"rendered":"http:\/\/www.redenoticia.com.br\/noticia\/?p=78053"},"modified":"2015-11-27T18:22:10","modified_gmt":"2015-11-27T20:22:10","slug":"indice-que-reajusta-alugueis-atinge-1069-em-12-meses","status":"publish","type":"post","link":"https:\/\/www.redenoticia.com.br\/noticia\/2015\/indice-que-reajusta-alugueis-atinge-1069-em-12-meses\/78053","title":{"rendered":"\u00cdndice que reajusta alugu\u00e9is atinge 10,69% em 12 meses"},"content":{"rendered":"<p>O <strong><em>\u00cdndice Geral de Pre\u00e7os do Mercado<\/em><\/strong> (IGP-M) atingiu varia\u00e7\u00e3o de 1,52%, em novembro, alta menor que a registrada em outubro (1,89%) e superior \u00e0 taxa verificada em igual m\u00eas do ano passado (0,98%). O IGP-M \u2013 usado para calcular o reajuste do aluguel \u2013 acumula desde janeiro alta de 10% e, em 12 meses, de 10,69%. Os dados s\u00e3o da Funda\u00e7\u00e3o Getulio Vargas.<\/p>\n<p>Dois dos tr\u00eas componentes do \u00edndice apresentaram avan\u00e7os: o \u00cdndice de Pre\u00e7os ao Consumidor (IPC), que passou de 0,64% para 0,9%, e o \u00cdndice Nacional de Custo da Constru\u00e7\u00e3o (INCC), com alta de 0,4% ante 0,27%, em outubro. J\u00e1 o \u00cdndice de Pre\u00e7os ao Produtor Amplo (IPA) teve aumento de 1,93% sobre uma alta em outubro de 2,63%.<\/p>\n<p>Influenciou a eleva\u00e7\u00e3o do IGP-M a evolu\u00e7\u00e3o de pre\u00e7os no setor atacadista de alimentos in natura que passaram de uma queda, em outubro, de 1,7% para uma alta de 12,29%. No grupo das commodities (produtos prim\u00e1rios negociados sob cota\u00e7\u00f5es do mercado internacional), ocorreram decr\u00e9scimos como, por exemplo, a soja (em gr\u00e3o) que passou uma alta de 7,11% para um recuo de 1,06%; o min\u00e9rio de ferro (de &#8211; 2,63% para 4,53% ) e o milho em gr\u00e3o (de 12,92% para 2,65%).<\/p>\n<p>No per\u00edodo, ganharam intensidade o aumento de pre\u00e7os da mandioca (de -1,49% para 13,52%), da cana-de-a\u00e7\u00facar (de 1,35% para 3,51%) e dos bovinos (1,65% para 2,07%).<\/p>\n<p>Marli Moreira &#8211; Rep\u00f3rter da Ag\u00eancia Brasil<br \/>\nEdi\u00e7\u00e3o: Jos\u00e9 Romildo<br \/>\n27\/11\/2015<\/p>\n","protected":false},"excerpt":{"rendered":"<p>O \u00cdndice Geral de Pre\u00e7os do Mercado (IGP-M) atingiu varia\u00e7\u00e3o de 1,52%, em novembro, alta menor que a registrada em outubro (1,89%) e superior \u00e0 taxa verificada em igual m\u00eas do ano passado (0,98%). O IGP-M \u2013 usado para calcular o reajuste do aluguel \u2013 acumula desde janeiro alta de 10% e, em 12 meses, [&hellip;]<\/p>\n","protected":false},"author":2,"featured_media":57585,"comment_status":"open","ping_status":"closed","sticky":false,"template":"","format":"standard","meta":{"_genesis_hide_title":false,"_genesis_hide_breadcrumbs":false,"_genesis_hide_singular_image":false,"_genesis_hide_footer_widgets":false,"_genesis_custom_body_class":"","_genesis_custom_post_class":"","_genesis_layout":"","_jetpack_memberships_contains_paid_content":false,"footnotes":""},"categories":[22,7],"tags":[],"class_list":{"0":"post-78053","1":"post","2":"type-post","3":"status-publish","4":"format-standard","5":"has-post-thumbnail","7":"category-brasil","8":"category-economia","9":"entry","10":"gs-1","11":"gs-odd","12":"gs-even","13":"gs-featured-content-entry"},"jetpack_featured_media_url":"https:\/\/www.redenoticia.com.br\/noticia\/imagens\/analise-economia.jpg","jetpack_sharing_enabled":true,"jetpack_likes_enabled":true,"_links":{"self":[{"href":"https:\/\/www.redenoticia.com.br\/noticia\/wp-json\/wp\/v2\/posts\/78053","targetHints":{"allow":["GET"]}}],"collection":[{"href":"https:\/\/www.redenoticia.com.br\/noticia\/wp-json\/wp\/v2\/posts"}],"about":[{"href":"https:\/\/www.redenoticia.com.br\/noticia\/wp-json\/wp\/v2\/types\/post"}],"author":[{"embeddable":true,"href":"https:\/\/www.redenoticia.com.br\/noticia\/wp-json\/wp\/v2\/users\/2"}],"replies":[{"embeddable":true,"href":"https:\/\/www.redenoticia.com.br\/noticia\/wp-json\/wp\/v2\/comments?post=78053"}],"version-history":[{"count":0,"href":"https:\/\/www.redenoticia.com.br\/noticia\/wp-json\/wp\/v2\/posts\/78053\/revisions"}],"wp:featuredmedia":[{"embeddable":true,"href":"https:\/\/www.redenoticia.com.br\/noticia\/wp-json\/wp\/v2\/media\/57585"}],"wp:attachment":[{"href":"https:\/\/www.redenoticia.com.br\/noticia\/wp-json\/wp\/v2\/media?parent=78053"}],"wp:term":[{"taxonomy":"category","embeddable":true,"href":"https:\/\/www.redenoticia.com.br\/noticia\/wp-json\/wp\/v2\/categories?post=78053"},{"taxonomy":"post_tag","embeddable":true,"href":"https:\/\/www.redenoticia.com.br\/noticia\/wp-json\/wp\/v2\/tags?post=78053"}],"curies":[{"name":"wp","href":"https:\/\/api.w.org\/{rel}","templated":true}]}}