{"id":78013,"date":"2015-11-26T16:51:03","date_gmt":"2015-11-26T18:51:03","guid":{"rendered":"http:\/\/www.redenoticia.com.br\/noticia\/?p=78013"},"modified":"2015-11-26T16:51:03","modified_gmt":"2015-11-26T18:51:03","slug":"despesas-de-brasileiros-no-exterior-cairam-526-em-outubro","status":"publish","type":"post","link":"https:\/\/www.redenoticia.com.br\/noticia\/2015\/despesas-de-brasileiros-no-exterior-cairam-526-em-outubro\/78013","title":{"rendered":"Despesas de brasileiros no exterior ca\u00edram 52,6% em outubro"},"content":{"rendered":"<p>Com a alta d\u00f3lar, as <strong><em>despesas de brasileiros no exterior<\/em><\/strong> ca\u00edram 52,67% em outubro deste ano, em rela\u00e7\u00e3o a igual m\u00eas de 2014. As despesas somaram US$ 1,002 bilh\u00e3o em outubro, de acordo com dados do Banco Central (BC). Nos dez meses do ano, as despesas ficaram em US$ 15,141 bilh\u00f5es, com retra\u00e7\u00e3o de 30,21% em rela\u00e7\u00e3o ao per\u00edodo de janeiro a outubro do ano passado.<\/p>\n<p>As receitas de estrangeiros em viagem no Brasil ficaram em US$ 453 milh\u00f5es, em outubro, e em US$ 4,786 bilh\u00f5es, no acumulado de dez meses. Com esses resultados, o d\u00e9ficit na conta de viagens internacionais, formada por despesas de brasileiros no exterior e receitas de estrangeiros no Brasil, ficou em US$ 549 milh\u00f5es, em outubro, e em US$ 10,355 bilh\u00f5es, os menores resultados para os per\u00edodos, na s\u00e9rie hist\u00f3rica inciada em 2010.<\/p>\n<p>As viagens internacionais fazem parte da conta de servi\u00e7os, que tamb\u00e9m tem dados de receitas e despesas com transportes, seguros, servi\u00e7os financeiros, aluguel de equipamentos, entre outros. Segundo o chefe adjunto do Departamento Econ\u00f4mico do BC, Fernando Rocha, os servi\u00e7os s\u00e3o um dos itens da conta total de transa\u00e7\u00f5es do Brasil com o exterior, que est\u00e3o apresentando saldo negativo menor este ano. O d\u00e9ficit desse segmento em outubro ficou em US$ 2,799 bilh\u00f5es, o menor para meses de outubro, na s\u00e9rie hist\u00f3rica.<\/p>\n<p>Esse saldo negativo menor das transa\u00e7\u00f5es com o exterior \u00e9 influenciado pela alta do d\u00f3lar, o que torna mais favor\u00e1vel a venda de produtos e oferta de servi\u00e7os de brasileiros no exterior e mais caro comprar de estrangeiros. De acordo com Rocha, o resultado das transa\u00e7\u00f5es brasileiras com o exterior tamb\u00e9m \u00e9 influenciada pela queda na atividade econ\u00f4mica.<\/p>\n<p>Em outubro, o super\u00e1vit comercial (exporta\u00e7\u00f5es maiores que as importa\u00e7\u00f5es) ficou em US$ 1,879 bilh\u00e3o, contra o d\u00e9ficit de US$ 1,481 bilh\u00e3o, registrado em igual m\u00eas de 2014. De janeiro a outubro deste ano, o super\u00e1vit comercial ficou em US$ 10,705 bilh\u00f5es, ante o saldo negativo de US$ 3,898 bilh\u00f5es registrados em igual per\u00edodo de 2014.<\/p>\n<p>Na conta de renda prim\u00e1ria (lucros e dividendos, pagamentos de juros e sal\u00e1rios), o d\u00e9ficit ficou em US$ 3,523 bilh\u00f5es, em outubro, e em US$ 34,142 bilh\u00f5es, em dez meses. A conta de renda secund\u00e1ria (renda gerada em uma economia e distribu\u00edda para outra, como doa\u00e7\u00f5es e remessas de d\u00f3lares, sem contrapartida de servi\u00e7os ou bens) apresentou resultado positivo, de US$ 277 milh\u00f5es, no m\u00eas, e de US$ 2,047 bilh\u00f5es, no resultado acumulado.<\/p>\n<p>No total, as compras e as vendas de mercadorias e servi\u00e7os do pa\u00eds com o mundo, as chamadas transa\u00e7\u00f5es correntes, ficou negativa em US$ 4,166 bilh\u00f5es, em outubro, e acumulou US$ 53,474 bilh\u00f5es, nos dez meses do ano. Esses resultados de 2015 s\u00e3o os menores da s\u00e9rie hist\u00f3rica do BC.<\/p>\n<p>Quando o pa\u00eds tem d\u00e9ficit em conta-corrente, ou seja, gasta al\u00e9m da renda do pa\u00eds, \u00e9 preciso financiar esse resultado com investimentos estrangeiros ou tomar dinheiro emprestado no exterior. O investimento direto no pa\u00eds (IDP), recursos que entram no Brasil e v\u00e3o para o setor produtivo da economia, \u00e9 considerado a melhor forma de financiar por ser de longo prazo. Tanto em outubro (US$ 6,712 bilh\u00f5es), quando no acumulado de dez meses (US$ 54,923 bilh\u00f5es), o IDP foi suficiente para cobrir o d\u00e9ficit em transa\u00e7\u00f5es correntes.<\/p>\n<p>Kelly Oliveira \u2013 Rep\u00f3rter da Ag\u00eancia Brasil<br \/>\nEdi\u00e7\u00e3o: Carolina Pimentel<br \/>\n26\/11\/2015<\/p>\n","protected":false},"excerpt":{"rendered":"<p>Com a alta d\u00f3lar, as despesas de brasileiros no exterior ca\u00edram 52,67% em outubro deste ano, em rela\u00e7\u00e3o a igual m\u00eas de 2014. As despesas somaram US$ 1,002 bilh\u00e3o em outubro, de acordo com dados do Banco Central (BC). Nos dez meses do ano, as despesas ficaram em US$ 15,141 bilh\u00f5es, com retra\u00e7\u00e3o de 30,21% [&hellip;]<\/p>\n","protected":false},"author":2,"featured_media":34966,"comment_status":"open","ping_status":"closed","sticky":false,"template":"","format":"standard","meta":{"_genesis_hide_title":false,"_genesis_hide_breadcrumbs":false,"_genesis_hide_singular_image":false,"_genesis_hide_footer_widgets":false,"_genesis_custom_body_class":"","_genesis_custom_post_class":"","_genesis_layout":"","_jetpack_memberships_contains_paid_content":false,"footnotes":""},"categories":[22,7],"tags":[],"class_list":{"0":"post-78013","1":"post","2":"type-post","3":"status-publish","4":"format-standard","5":"has-post-thumbnail","7":"category-brasil","8":"category-economia","9":"entry","10":"gs-1","11":"gs-odd","12":"gs-even","13":"gs-featured-content-entry"},"jetpack_featured_media_url":"https:\/\/www.redenoticia.com.br\/noticia\/imagens\/fim-da-sacola-plastica.jpg","jetpack_sharing_enabled":true,"jetpack_likes_enabled":true,"_links":{"self":[{"href":"https:\/\/www.redenoticia.com.br\/noticia\/wp-json\/wp\/v2\/posts\/78013","targetHints":{"allow":["GET"]}}],"collection":[{"href":"https:\/\/www.redenoticia.com.br\/noticia\/wp-json\/wp\/v2\/posts"}],"about":[{"href":"https:\/\/www.redenoticia.com.br\/noticia\/wp-json\/wp\/v2\/types\/post"}],"author":[{"embeddable":true,"href":"https:\/\/www.redenoticia.com.br\/noticia\/wp-json\/wp\/v2\/users\/2"}],"replies":[{"embeddable":true,"href":"https:\/\/www.redenoticia.com.br\/noticia\/wp-json\/wp\/v2\/comments?post=78013"}],"version-history":[{"count":0,"href":"https:\/\/www.redenoticia.com.br\/noticia\/wp-json\/wp\/v2\/posts\/78013\/revisions"}],"wp:featuredmedia":[{"embeddable":true,"href":"https:\/\/www.redenoticia.com.br\/noticia\/wp-json\/wp\/v2\/media\/34966"}],"wp:attachment":[{"href":"https:\/\/www.redenoticia.com.br\/noticia\/wp-json\/wp\/v2\/media?parent=78013"}],"wp:term":[{"taxonomy":"category","embeddable":true,"href":"https:\/\/www.redenoticia.com.br\/noticia\/wp-json\/wp\/v2\/categories?post=78013"},{"taxonomy":"post_tag","embeddable":true,"href":"https:\/\/www.redenoticia.com.br\/noticia\/wp-json\/wp\/v2\/tags?post=78013"}],"curies":[{"name":"wp","href":"https:\/\/api.w.org\/{rel}","templated":true}]}}