{"id":78011,"date":"2015-11-26T16:46:57","date_gmt":"2015-11-26T18:46:57","guid":{"rendered":"http:\/\/www.redenoticia.com.br\/noticia\/?p=78011"},"modified":"2015-11-26T16:46:57","modified_gmt":"2015-11-26T18:46:57","slug":"moodys-coloca-btg-pactual-em-revisao-de-nota","status":"publish","type":"post","link":"https:\/\/www.redenoticia.com.br\/noticia\/2015\/moodys-coloca-btg-pactual-em-revisao-de-nota\/78011","title":{"rendered":"Moody&#8217;s coloca BTG Pactual em revis\u00e3o de nota"},"content":{"rendered":"<p> A ag\u00eancia de classifica\u00e7\u00e3o de risco Moody&#8217;s colocou em revis\u00e3o para rebaixamento o perfil de <strong><em>risco de cr\u00e9dito individual do BTG Pactual<\/em><\/strong> (BAA3) e suas notas (ratings), devido \u00e0 pris\u00e3o do presidente-executivo e controlador da institui\u00e7\u00e3o, Andr\u00e9 Esteves, na Opera\u00e7\u00e3o Lava Jato.<\/p>\n<p>Para a Moody&#8217;s a pris\u00e3o pode gerar impactos na rela\u00e7\u00e3o do banco com os clientes e parceiros. A ag\u00eancia acredita que, enquanto permanecer a situa\u00e7\u00e3o, cuja dura\u00e7\u00e3o \u00e9 incerta, pode haver implica\u00e7\u00f5es negativas para o BTG, que depende de capta\u00e7\u00e3o de recursos no mercado. \u201cAo mesmo tempo, notamos que BTG tem mantido uma grande quantidade de ativos l\u00edquidos [que podem ser vendidos rapidamente] em seu balan\u00e7o, uma estrat\u00e9gia que se destina a equilibrar a sua inerente depend\u00eancia de capta\u00e7\u00e3o no mercado e a riscos de liquidez\u201d, diz a ag\u00eancia.<\/p>\n<p>A Moody&#8217;s disse que poder\u00e1 rebaixar a nota do banco se: as investiga\u00e7\u00f5es encontrem liga\u00e7\u00f5es entre a\u00e7\u00f5es de Esteves com as opera\u00e7\u00f5es do banco que gere resultados negativos; se foram encontrados problemas regulat\u00f3rios ou legais no BTG Pactual; se a capacidade de gerar neg\u00f3cios for afetada; se a capta\u00e7\u00e3o de recursos (funding) for impactada.<\/p>\n<p> A ag\u00eancia tamb\u00e9m diz o que a nota pode ser revisada para cima, o que considera pouco prov\u00e1vel, se o banco mantiver a liquidez e a capacidade de gera\u00e7\u00e3o de receitas e se os investigadores n\u00e3o acharem nenhuma evid\u00eancia contra a institui\u00e7\u00e3o.<\/p>\n<p>As pris\u00f5es do dono do banco BTG Pactual e do l\u00edder do governo no Senado, Delc\u00eddio do Amaral (PT-MS), repercutiram ontem no mercado financeiro, com queda na Bolsa de Valores e alta no d\u00f3lar. Especialistas ouvidos pela Ag\u00eancia Brasil destacaram que as pris\u00f5es de Delc\u00eddio e de Esteves criam um clima de incerteza e apreens\u00e3o no mercado.<\/p>\n<p>O Ibovespa, principal \u00edndice da Bolsa de Valores de S\u00e3o Paulo (Bovespa) fechou em 46.866 pontos, com queda de 2,94%. J\u00e1 os pap\u00e9is do BTG, que n\u00e3o integram o Ibovespa, terminaram o dia com queda de 21%, a R$ 24,40, e ficaram entre os destaques negativos do preg\u00e3o. <\/p>\n<p>O BTG Pactual \u00e9 um banco de investimentos listado e controlado por uma sociedade de 156 executivos. Em maio de 2009, o BTG Investment fechou a aquisi\u00e7\u00e3o do UBS Pactual por US$ 2,5 bilh\u00f5es e a transa\u00e7\u00e3o foi finalizada e homologada pelo Banco Central em outubro do mesmo ano. O banqueiro tem uma fortuna estimada em R$ 9 bilh\u00f5es e ocupa a 13\u00aa posi\u00e7\u00e3o entre os homens mais ricos do Brasil, segundo a revista Forbes.<\/p>\n<p> Kelly Oliveira \u2013 Rep\u00f3rter da Ag\u00eancia Brasil<br \/>\nEdi\u00e7\u00e3o: Jos\u00e9 Romildo<br \/>\n26\/11\/2015<\/p>\n","protected":false},"excerpt":{"rendered":"<p>A ag\u00eancia de classifica\u00e7\u00e3o de risco Moody&#8217;s colocou em revis\u00e3o para rebaixamento o perfil de risco de cr\u00e9dito individual do BTG Pactual (BAA3) e suas notas (ratings), devido \u00e0 pris\u00e3o do presidente-executivo e controlador da institui\u00e7\u00e3o, Andr\u00e9 Esteves, na Opera\u00e7\u00e3o Lava Jato. Para a Moody&#8217;s a pris\u00e3o pode gerar impactos na rela\u00e7\u00e3o do banco com [&hellip;]<\/p>\n","protected":false},"author":2,"featured_media":38938,"comment_status":"open","ping_status":"closed","sticky":false,"template":"","format":"standard","meta":{"_genesis_hide_title":false,"_genesis_hide_breadcrumbs":false,"_genesis_hide_singular_image":false,"_genesis_hide_footer_widgets":false,"_genesis_custom_body_class":"","_genesis_custom_post_class":"","_genesis_layout":"","_jetpack_memberships_contains_paid_content":false,"footnotes":""},"categories":[22,7],"tags":[],"class_list":{"0":"post-78011","1":"post","2":"type-post","3":"status-publish","4":"format-standard","5":"has-post-thumbnail","7":"category-brasil","8":"category-economia","9":"entry","10":"gs-1","11":"gs-odd","12":"gs-even","13":"gs-featured-content-entry"},"jetpack_featured_media_url":"https:\/\/www.redenoticia.com.br\/noticia\/imagens\/economia1.jpg","jetpack_sharing_enabled":true,"jetpack_likes_enabled":true,"_links":{"self":[{"href":"https:\/\/www.redenoticia.com.br\/noticia\/wp-json\/wp\/v2\/posts\/78011","targetHints":{"allow":["GET"]}}],"collection":[{"href":"https:\/\/www.redenoticia.com.br\/noticia\/wp-json\/wp\/v2\/posts"}],"about":[{"href":"https:\/\/www.redenoticia.com.br\/noticia\/wp-json\/wp\/v2\/types\/post"}],"author":[{"embeddable":true,"href":"https:\/\/www.redenoticia.com.br\/noticia\/wp-json\/wp\/v2\/users\/2"}],"replies":[{"embeddable":true,"href":"https:\/\/www.redenoticia.com.br\/noticia\/wp-json\/wp\/v2\/comments?post=78011"}],"version-history":[{"count":0,"href":"https:\/\/www.redenoticia.com.br\/noticia\/wp-json\/wp\/v2\/posts\/78011\/revisions"}],"wp:featuredmedia":[{"embeddable":true,"href":"https:\/\/www.redenoticia.com.br\/noticia\/wp-json\/wp\/v2\/media\/38938"}],"wp:attachment":[{"href":"https:\/\/www.redenoticia.com.br\/noticia\/wp-json\/wp\/v2\/media?parent=78011"}],"wp:term":[{"taxonomy":"category","embeddable":true,"href":"https:\/\/www.redenoticia.com.br\/noticia\/wp-json\/wp\/v2\/categories?post=78011"},{"taxonomy":"post_tag","embeddable":true,"href":"https:\/\/www.redenoticia.com.br\/noticia\/wp-json\/wp\/v2\/tags?post=78011"}],"curies":[{"name":"wp","href":"https:\/\/api.w.org\/{rel}","templated":true}]}}