{"id":78009,"date":"2015-11-26T16:43:50","date_gmt":"2015-11-26T18:43:50","guid":{"rendered":"http:\/\/www.redenoticia.com.br\/noticia\/?p=78009"},"modified":"2015-11-26T16:43:50","modified_gmt":"2015-11-26T18:43:50","slug":"entidades-sindicais-criticam-manutencao-da-taxa-selic","status":"publish","type":"post","link":"https:\/\/www.redenoticia.com.br\/noticia\/2015\/entidades-sindicais-criticam-manutencao-da-taxa-selic\/78009","title":{"rendered":"Entidades sindicais criticam manuten\u00e7\u00e3o da taxa Selic"},"content":{"rendered":"<p> A For\u00e7a Sindical manifestou posi\u00e7\u00e3o contr\u00e1ria \u00e0 pol\u00edtica econ\u00f4mica do governo e disse que a manuten\u00e7\u00e3o da <strong><em>taxa Selic<\/em><\/strong>, em 14,25%, vai prejudicar a ind\u00fastria e o com\u00e9rcio neste final de ano.<\/p>\n<p>\u201cA taxa de juros altos alimenta a recess\u00e3o no pa\u00eds, aumenta o desemprego, torna a recupera\u00e7\u00e3o da atividade econ\u00f4mica mais distante e dif\u00edcil\u201d, afirmou, em nota, o presidente da entidade, Miguel Torres.<\/p>\n<p>Segundo ele, o aumento da taxa de juros \u201ccaminha na contram\u00e3o dos anseios da classe trabalhadora\u201d e tem sido \u201cineficaz no combate \u00e0 infla\u00e7\u00e3o\u201d, encarecendo o cr\u00e9dito para consumo e para investimentos.<\/p>\n<p>A Confedera\u00e7\u00e3o dos Trabalhadores do Ramo Financeiro (Contraf-CUT) criticou tamb\u00e9m a manuten\u00e7\u00e3o da Selic pelo Comit\u00ea de Pol\u00edtica Monet\u00e1ria (Copom). Para a entidade, \u201ca decis\u00e3o tomada em meio \u00e0 desacelera\u00e7\u00e3o da economia e ao corte de empregos, significa impedir a retomada do crescimento e piorar a distribui\u00e7\u00e3o de renda no pa\u00eds\u201d.<\/p>\n<p>\u201cEste caminho s\u00f3 leva \u00e0 recess\u00e3o e aprofunda ainda mais a crise\u201d, disse, em nota, o presidente da Contraf-CUT, Roberto von der Osten.<\/p>\n<p>Pela terceira vez seguida, o Banco Central (BC) n\u00e3o mexeu nos juros b\u00e1sicos da economia. Por 6 votos a 2, o Copom manteve a taxa Selic em 14,25% ao ano.<\/p>\n<p> Camila Boehm \u2013 Rep\u00f3rter da Ag\u00eancia Brasil<br \/>\nEdi\u00e7\u00e3o: A\u00e9cio Amado<br \/>\n26\/11\/2015<\/p>\n","protected":false},"excerpt":{"rendered":"<p>A For\u00e7a Sindical manifestou posi\u00e7\u00e3o contr\u00e1ria \u00e0 pol\u00edtica econ\u00f4mica do governo e disse que a manuten\u00e7\u00e3o da taxa Selic, em 14,25%, vai prejudicar a ind\u00fastria e o com\u00e9rcio neste final de ano. \u201cA taxa de juros altos alimenta a recess\u00e3o no pa\u00eds, aumenta o desemprego, torna a recupera\u00e7\u00e3o da atividade econ\u00f4mica mais distante e dif\u00edcil\u201d, [&hellip;]<\/p>\n","protected":false},"author":2,"featured_media":57585,"comment_status":"open","ping_status":"closed","sticky":false,"template":"","format":"standard","meta":{"_genesis_hide_title":false,"_genesis_hide_breadcrumbs":false,"_genesis_hide_singular_image":false,"_genesis_hide_footer_widgets":false,"_genesis_custom_body_class":"","_genesis_custom_post_class":"","_genesis_layout":"","_jetpack_memberships_contains_paid_content":false,"footnotes":""},"categories":[22,7],"tags":[],"class_list":{"0":"post-78009","1":"post","2":"type-post","3":"status-publish","4":"format-standard","5":"has-post-thumbnail","7":"category-brasil","8":"category-economia","9":"entry","10":"gs-1","11":"gs-odd","12":"gs-even","13":"gs-featured-content-entry"},"jetpack_featured_media_url":"https:\/\/www.redenoticia.com.br\/noticia\/imagens\/analise-economia.jpg","jetpack_sharing_enabled":true,"jetpack_likes_enabled":true,"_links":{"self":[{"href":"https:\/\/www.redenoticia.com.br\/noticia\/wp-json\/wp\/v2\/posts\/78009","targetHints":{"allow":["GET"]}}],"collection":[{"href":"https:\/\/www.redenoticia.com.br\/noticia\/wp-json\/wp\/v2\/posts"}],"about":[{"href":"https:\/\/www.redenoticia.com.br\/noticia\/wp-json\/wp\/v2\/types\/post"}],"author":[{"embeddable":true,"href":"https:\/\/www.redenoticia.com.br\/noticia\/wp-json\/wp\/v2\/users\/2"}],"replies":[{"embeddable":true,"href":"https:\/\/www.redenoticia.com.br\/noticia\/wp-json\/wp\/v2\/comments?post=78009"}],"version-history":[{"count":0,"href":"https:\/\/www.redenoticia.com.br\/noticia\/wp-json\/wp\/v2\/posts\/78009\/revisions"}],"wp:featuredmedia":[{"embeddable":true,"href":"https:\/\/www.redenoticia.com.br\/noticia\/wp-json\/wp\/v2\/media\/57585"}],"wp:attachment":[{"href":"https:\/\/www.redenoticia.com.br\/noticia\/wp-json\/wp\/v2\/media?parent=78009"}],"wp:term":[{"taxonomy":"category","embeddable":true,"href":"https:\/\/www.redenoticia.com.br\/noticia\/wp-json\/wp\/v2\/categories?post=78009"},{"taxonomy":"post_tag","embeddable":true,"href":"https:\/\/www.redenoticia.com.br\/noticia\/wp-json\/wp\/v2\/tags?post=78009"}],"curies":[{"name":"wp","href":"https:\/\/api.w.org\/{rel}","templated":true}]}}