{"id":77963,"date":"2015-11-25T17:13:37","date_gmt":"2015-11-25T19:13:37","guid":{"rendered":"http:\/\/www.redenoticia.com.br\/noticia\/?p=77963"},"modified":"2015-11-25T17:13:59","modified_gmt":"2015-11-25T19:13:59","slug":"nivel-de-atividade-e-de-emprego-na-construcao-mantem-queda-em-outubro-diz-cni","status":"publish","type":"post","link":"https:\/\/www.redenoticia.com.br\/noticia\/2015\/nivel-de-atividade-e-de-emprego-na-construcao-mantem-queda-em-outubro-diz-cni\/77963","title":{"rendered":"N\u00edvel de atividade e de emprego na constru\u00e7\u00e3o mant\u00e9m queda em outubro, diz CNI"},"content":{"rendered":"<p> A Confedera\u00e7\u00e3o Nacional da Ind\u00fastria (CNI) divulgou dados que mostram que a atividade e o <strong><em>emprego na ind\u00fastria<\/em><\/strong> da constru\u00e7\u00e3o mantiveram-se em queda em outubro. O \u00edndice de evolu\u00e7\u00e3o do n\u00edvel de atividade registrou 36,7 pontos e o n\u00famero de empregados ficou em 35,6 pontos no m\u00eas. A CNI usa uma escala que varia de 0 a 100 e valores abaixo de 50 pontos indicam atividade e emprego em queda.<\/p>\n<p>O \u00edndice de n\u00edvel de atividade efetivo em rela\u00e7\u00e3o ao usual tamb\u00e9m ficou abaixo de 50 e registrou 27,1 pontos. A utiliza\u00e7\u00e3o da capacidade de opera\u00e7\u00e3o das empresas do setor, \u00fanico que tem o resultado em percentual e n\u00e3o em pontos, mostrou que a ind\u00fastria operou, em m\u00e9dia, com 57% da capacidade, 2 pontos percentuais abaixo do registrado em setembro.<\/p>\n<p>Quanto aos pr\u00f3ximos seis meses, dados j\u00e1 atualizados para novembro, todos os indicadores ficaram abaixo de 50 pontos. O \u00edndice de expectativas em rela\u00e7\u00e3o ao n\u00edvel de atividade registrou 38,5 pontos; o de novos empreendimentos e servi\u00e7os, 38,2 pontos; o de compra de insumos e mat\u00e9rias-primas, 37,9 pontos; e o de n\u00famero de empregados, 37,3 pontos.<\/p>\n<p>A inten\u00e7\u00e3o de investimento foi de 24,5 pontos em novembro.<\/p>\n<p>A Sondagem Ind\u00fastria da Constru\u00e7\u00e3o foi realizada com 595 empresas entre 2 e 12 de novembro. Dessas, 185 s\u00e3o de pequeno porte,, 269 s\u00e3o m\u00e9dias e 141, de grande porte.<\/p>\n<p> Da Ag\u00eancia Brasil<br \/>\nEdi\u00e7\u00e3o: N\u00e1dia Franco<br \/>\n25\/11\/2015<\/p>\n","protected":false},"excerpt":{"rendered":"<p>A Confedera\u00e7\u00e3o Nacional da Ind\u00fastria (CNI) divulgou dados que mostram que a atividade e o emprego na ind\u00fastria da constru\u00e7\u00e3o mantiveram-se em queda em outubro. O \u00edndice de evolu\u00e7\u00e3o do n\u00edvel de atividade registrou 36,7 pontos e o n\u00famero de empregados ficou em 35,6 pontos no m\u00eas. A CNI usa uma escala que varia de [&hellip;]<\/p>\n","protected":false},"author":2,"featured_media":57585,"comment_status":"open","ping_status":"closed","sticky":false,"template":"","format":"standard","meta":{"_genesis_hide_title":false,"_genesis_hide_breadcrumbs":false,"_genesis_hide_singular_image":false,"_genesis_hide_footer_widgets":false,"_genesis_custom_body_class":"","_genesis_custom_post_class":"","_genesis_layout":"","_jetpack_memberships_contains_paid_content":false,"footnotes":""},"categories":[22,7],"tags":[],"class_list":{"0":"post-77963","1":"post","2":"type-post","3":"status-publish","4":"format-standard","5":"has-post-thumbnail","7":"category-brasil","8":"category-economia","9":"entry","10":"gs-1","11":"gs-odd","12":"gs-even","13":"gs-featured-content-entry"},"jetpack_featured_media_url":"https:\/\/www.redenoticia.com.br\/noticia\/imagens\/analise-economia.jpg","jetpack_sharing_enabled":true,"jetpack_likes_enabled":true,"_links":{"self":[{"href":"https:\/\/www.redenoticia.com.br\/noticia\/wp-json\/wp\/v2\/posts\/77963","targetHints":{"allow":["GET"]}}],"collection":[{"href":"https:\/\/www.redenoticia.com.br\/noticia\/wp-json\/wp\/v2\/posts"}],"about":[{"href":"https:\/\/www.redenoticia.com.br\/noticia\/wp-json\/wp\/v2\/types\/post"}],"author":[{"embeddable":true,"href":"https:\/\/www.redenoticia.com.br\/noticia\/wp-json\/wp\/v2\/users\/2"}],"replies":[{"embeddable":true,"href":"https:\/\/www.redenoticia.com.br\/noticia\/wp-json\/wp\/v2\/comments?post=77963"}],"version-history":[{"count":0,"href":"https:\/\/www.redenoticia.com.br\/noticia\/wp-json\/wp\/v2\/posts\/77963\/revisions"}],"wp:featuredmedia":[{"embeddable":true,"href":"https:\/\/www.redenoticia.com.br\/noticia\/wp-json\/wp\/v2\/media\/57585"}],"wp:attachment":[{"href":"https:\/\/www.redenoticia.com.br\/noticia\/wp-json\/wp\/v2\/media?parent=77963"}],"wp:term":[{"taxonomy":"category","embeddable":true,"href":"https:\/\/www.redenoticia.com.br\/noticia\/wp-json\/wp\/v2\/categories?post=77963"},{"taxonomy":"post_tag","embeddable":true,"href":"https:\/\/www.redenoticia.com.br\/noticia\/wp-json\/wp\/v2\/tags?post=77963"}],"curies":[{"name":"wp","href":"https:\/\/api.w.org\/{rel}","templated":true}]}}