{"id":77961,"date":"2015-11-25T17:11:10","date_gmt":"2015-11-25T19:11:10","guid":{"rendered":"http:\/\/www.redenoticia.com.br\/noticia\/?p=77961"},"modified":"2015-11-25T17:11:10","modified_gmt":"2015-11-25T19:11:10","slug":"custo-da-construcao-aumenta-736-em-um-ano-diz-fgv","status":"publish","type":"post","link":"https:\/\/www.redenoticia.com.br\/noticia\/2015\/custo-da-construcao-aumenta-736-em-um-ano-diz-fgv\/77961","title":{"rendered":"Custo da Constru\u00e7\u00e3o aumenta 7,36% em um ano, diz FGV"},"content":{"rendered":"<p> O \u00cdndice Nacional de <strong><em>Custo da Constru\u00e7\u00e3o<\/em><\/strong> do Mercado (INCC-M) alcan\u00e7ou 0,40%, em novembro, ficando acima da taxa registrada outubro de 0,27%. Desde janeiro deste ano, o \u00edndice acumula aumento de 7,09% e, em 12 meses, alta de 7,36%.<\/p>\n<p>O levantamento, feito pelo Instituto Brasileiro de Economia (Ibre), da Funda\u00e7\u00e3o Getulio Vargas (FGV), mostra que os custos de constru\u00e7\u00e3o em novembro foram pressionados pelo grupo de materiais, equipamentos e servi\u00e7os. Houve uma corre\u00e7\u00e3o de 0,86% sobre a taxa de outubro desse grupo, que foi 0,57%.<\/p>\n<p>Desde janeiro, os componentes materiais, equipamentos e servi\u00e7os acumulam reajuste de 6,41% e, em 12 meses, de 6,7%. J\u00e1 a m\u00e3o de obra permaneceu est\u00e1vel pelo terceiro m\u00eas seguido, mas desde janeiro acumula alta de 7,7% e, em 12 meses, 7,96%.<\/p>\n<p>O custo da constru\u00e7\u00e3o teve alta, em novembro, em cinco capitais: em Salvador, passou de 0,18% para 0,26%; em Belo Horizonte, de 0,14% para 0,38%; no, Rio de Janeiro, de 0,28% para 0,48%; em Porto Alegre, de 0,3% para 0,43% e em S\u00e3o Paulo, de 0,23% para 0,55%. Em sentido oposto, em Bras\u00edlia, a taxa subiu com menos intensidade, passando de 0,69% para 0,08% e, em Recife, o \u00edndice ficou est\u00e1vel depois de ter apresentado eleva\u00e7\u00e3o de 0,07%, no m\u00eas anterior.<\/p>\n<p> Marli Moreira &#8211; Rep\u00f3rter da Ag\u00eancia Brasil<br \/>\nEdi\u00e7\u00e3o: Jos\u00e9 Romildo<br \/>\n25\/11\/2015<\/p>\n","protected":false},"excerpt":{"rendered":"<p>O \u00cdndice Nacional de Custo da Constru\u00e7\u00e3o do Mercado (INCC-M) alcan\u00e7ou 0,40%, em novembro, ficando acima da taxa registrada outubro de 0,27%. Desde janeiro deste ano, o \u00edndice acumula aumento de 7,09% e, em 12 meses, alta de 7,36%. O levantamento, feito pelo Instituto Brasileiro de Economia (Ibre), da Funda\u00e7\u00e3o Getulio Vargas (FGV), mostra que [&hellip;]<\/p>\n","protected":false},"author":2,"featured_media":57583,"comment_status":"open","ping_status":"closed","sticky":false,"template":"","format":"standard","meta":{"_genesis_hide_title":false,"_genesis_hide_breadcrumbs":false,"_genesis_hide_singular_image":false,"_genesis_hide_footer_widgets":false,"_genesis_custom_body_class":"","_genesis_custom_post_class":"","_genesis_layout":"","_jetpack_memberships_contains_paid_content":false,"footnotes":""},"categories":[22,7],"tags":[],"class_list":{"0":"post-77961","1":"post","2":"type-post","3":"status-publish","4":"format-standard","5":"has-post-thumbnail","7":"category-brasil","8":"category-economia","9":"entry","10":"gs-1","11":"gs-odd","12":"gs-even","13":"gs-featured-content-entry"},"jetpack_featured_media_url":"https:\/\/www.redenoticia.com.br\/noticia\/imagens\/economia-grafico.jpg","jetpack_sharing_enabled":true,"jetpack_likes_enabled":true,"_links":{"self":[{"href":"https:\/\/www.redenoticia.com.br\/noticia\/wp-json\/wp\/v2\/posts\/77961","targetHints":{"allow":["GET"]}}],"collection":[{"href":"https:\/\/www.redenoticia.com.br\/noticia\/wp-json\/wp\/v2\/posts"}],"about":[{"href":"https:\/\/www.redenoticia.com.br\/noticia\/wp-json\/wp\/v2\/types\/post"}],"author":[{"embeddable":true,"href":"https:\/\/www.redenoticia.com.br\/noticia\/wp-json\/wp\/v2\/users\/2"}],"replies":[{"embeddable":true,"href":"https:\/\/www.redenoticia.com.br\/noticia\/wp-json\/wp\/v2\/comments?post=77961"}],"version-history":[{"count":0,"href":"https:\/\/www.redenoticia.com.br\/noticia\/wp-json\/wp\/v2\/posts\/77961\/revisions"}],"wp:featuredmedia":[{"embeddable":true,"href":"https:\/\/www.redenoticia.com.br\/noticia\/wp-json\/wp\/v2\/media\/57583"}],"wp:attachment":[{"href":"https:\/\/www.redenoticia.com.br\/noticia\/wp-json\/wp\/v2\/media?parent=77961"}],"wp:term":[{"taxonomy":"category","embeddable":true,"href":"https:\/\/www.redenoticia.com.br\/noticia\/wp-json\/wp\/v2\/categories?post=77961"},{"taxonomy":"post_tag","embeddable":true,"href":"https:\/\/www.redenoticia.com.br\/noticia\/wp-json\/wp\/v2\/tags?post=77961"}],"curies":[{"name":"wp","href":"https:\/\/api.w.org\/{rel}","templated":true}]}}