{"id":77918,"date":"2015-11-24T16:08:02","date_gmt":"2015-11-24T18:08:02","guid":{"rendered":"http:\/\/www.redenoticia.com.br\/noticia\/?p=77918"},"modified":"2015-11-24T16:08:02","modified_gmt":"2015-11-24T18:08:02","slug":"desemprego-alcanca-89-no-terceiro-trimestre-diz-ibge","status":"publish","type":"post","link":"https:\/\/www.redenoticia.com.br\/noticia\/2015\/desemprego-alcanca-89-no-terceiro-trimestre-diz-ibge\/77918","title":{"rendered":"Desemprego alcan\u00e7a 8,9% no terceiro trimestre, diz IBGE"},"content":{"rendered":"<p> O <strong><em>desemprego<\/em><\/strong> no pa\u00eds alcan\u00e7ou 8,9% no terceiro trimestre (julho, agosto e setembro) de 2015, informou o Instituto Brasileiro de Geografia e Estat\u00edstica (IBGE). \u00c9 a maior taxa da s\u00e9rie iniciada em 2012. No trimestre anterior (abril, maio e junho), o indicador estava em 8,3%.<\/p>\n<p>Os dados divulgados, que fazem parte da Pesquisa Nacional por Amostra de Domic\u00edlio Cont\u00ednua Trimestral (Pnad Cont\u00ednua), indicam que a popula\u00e7\u00e3o desocupada no Brasil chegou a nove milh\u00f5es de pessoas no trimestre que terminou em setembro.<\/p>\n<p>A popula\u00e7\u00e3o ocupada, no terceiro trimestre, corresponde a 92,1 milh\u00f5es de pessoas. A pesquisa indica, ainda, que cerca de 35,4 milh\u00f5es de pessoas tinham, no terceiro trimestre, carteira de trabalho assinada no setor privado.<\/p>\n<p>No terceiro trimestre do ano passado a taxa de desocupa\u00e7\u00e3o foi 6,8%. A Bahia foi o estado que teve a maior taxa de desocupa\u00e7\u00e3o (12,8%) e Santa Catarina a menor (4,4%). Entre os 27 munic\u00edpios das capitais, Salvador registrou a maior taxa de desemprego (16,1%) e o Rio de Janeiro a menor (5,1%).<\/p>\n<p>Rendimento<\/p>\n<p>Os dados da Pnad Cont\u00ednua indicam que o rendimento m\u00e9dio real habitual dos trabalhadores caiu 1,2% no terceiro trimestre deste ano, passando de R$ 1.913 (no segundo trimestre) para R$ 1.889, mas ficou est\u00e1vel em rela\u00e7\u00e3o ao terceiro trimestre do ano passado, quando esse rendimento m\u00e9dio real era R$ 1.890.<\/p>\n<p>Segundo o IBGE, entre as grandes regi\u00f5es, o Sudeste mostrou o maior rendimento m\u00e9dio (R$ 2.189) e o Nordeste o menor (R$ 1.284). J\u00e1 entre as unidades da Federa\u00e7\u00e3o, o Distrito Federal foi o que registrou no trimestre trimestre deste ano o maior rendimento m\u00e9dio, com R$ 3.512 e o Maranh\u00e3o o menor (R$ 993).<\/p>\n<p>Entre as capitais, Vit\u00f3ria (ES) registrou o maior rendimento m\u00e9dio, com R$ 3.782. S\u00e3o Lu\u00eds (MA) ficou com o menor: R$ 1.519. J\u00e1 o maior rendimento entre as regi\u00f5es metropolitanas foi registrado em S\u00e3o Paulo (R$ 2.920).<\/p>\n<p>Desocupa\u00e7\u00e3o<\/p>\n<p>Os dados da Pnad Cont\u00ednua indicam que as mulheres representavam no final do terceiro trimestre deste ano 51,2% da popula\u00e7\u00e3o desocupada do pa\u00eds. Os adultos na faixa et\u00e1ria entre 25 a 39 anos de idade representavam a maioria dos desocupados, chegando a 37% do total. Mais da metade (51,2%) das pessoas desocupadas tinham conclu\u00eddo pelo menos o ensino m\u00e9dio. J\u00e1 o percentual de desocupados entre aquelas com n\u00edvel superior completo representavam apenas 8,8% do total de 9 milh\u00f5es de pessoas.<\/p>\n<p>O IBGE ressalta, por\u00e9m, que embora as mulheres sejam maioria na popula\u00e7\u00e3o em idade de trabalhar, entre as pessoas ocupadas predominam os homens (56,9%). Isto se d\u00e1 em todas as regi\u00f5es. No terceiro trimestre deste ano, entre os ocupados, 13,2% eram jovens de 18 a 24 anos, enquanto as faixas de 25 a 39 anos e de 40 a 59 anos de idade, somadas, representavam 77,5%.<\/p>\n<p>O setor privado respondia, no fechamento do terceiro trimestre deste ano, por 72,2% do total da popula\u00e7\u00e3o ocupada do pa\u00eds, que fechou o setembro deste ano em 92,1 milh\u00f5es de pessoas. Deste total, cerca de 77,7% tinham carteira de trabalho assinada.<\/p>\n<p>Nielmar de Oliveira \u2013 Rep\u00f3rter da Ag\u00eancia Brasil<br \/>\nEdi\u00e7\u00e3o: Jos\u00e9 Romildo<br \/>\n24\/11\/2015<\/p>\n","protected":false},"excerpt":{"rendered":"<p>O desemprego no pa\u00eds alcan\u00e7ou 8,9% no terceiro trimestre (julho, agosto e setembro) de 2015, informou o Instituto Brasileiro de Geografia e Estat\u00edstica (IBGE). \u00c9 a maior taxa da s\u00e9rie iniciada em 2012. No trimestre anterior (abril, maio e junho), o indicador estava em 8,3%. Os dados divulgados, que fazem parte da Pesquisa Nacional por [&hellip;]<\/p>\n","protected":false},"author":2,"featured_media":57584,"comment_status":"open","ping_status":"closed","sticky":false,"template":"","format":"standard","meta":{"_genesis_hide_title":false,"_genesis_hide_breadcrumbs":false,"_genesis_hide_singular_image":false,"_genesis_hide_footer_widgets":false,"_genesis_custom_body_class":"","_genesis_custom_post_class":"","_genesis_layout":"","_jetpack_memberships_contains_paid_content":false,"footnotes":""},"categories":[22,7],"tags":[],"class_list":{"0":"post-77918","1":"post","2":"type-post","3":"status-publish","4":"format-standard","5":"has-post-thumbnail","7":"category-brasil","8":"category-economia","9":"entry","10":"gs-1","11":"gs-odd","12":"gs-even","13":"gs-featured-content-entry"},"jetpack_featured_media_url":"https:\/\/www.redenoticia.com.br\/noticia\/imagens\/economia-grafica-analise-inflacao.jpg","jetpack_sharing_enabled":true,"jetpack_likes_enabled":true,"_links":{"self":[{"href":"https:\/\/www.redenoticia.com.br\/noticia\/wp-json\/wp\/v2\/posts\/77918","targetHints":{"allow":["GET"]}}],"collection":[{"href":"https:\/\/www.redenoticia.com.br\/noticia\/wp-json\/wp\/v2\/posts"}],"about":[{"href":"https:\/\/www.redenoticia.com.br\/noticia\/wp-json\/wp\/v2\/types\/post"}],"author":[{"embeddable":true,"href":"https:\/\/www.redenoticia.com.br\/noticia\/wp-json\/wp\/v2\/users\/2"}],"replies":[{"embeddable":true,"href":"https:\/\/www.redenoticia.com.br\/noticia\/wp-json\/wp\/v2\/comments?post=77918"}],"version-history":[{"count":0,"href":"https:\/\/www.redenoticia.com.br\/noticia\/wp-json\/wp\/v2\/posts\/77918\/revisions"}],"wp:featuredmedia":[{"embeddable":true,"href":"https:\/\/www.redenoticia.com.br\/noticia\/wp-json\/wp\/v2\/media\/57584"}],"wp:attachment":[{"href":"https:\/\/www.redenoticia.com.br\/noticia\/wp-json\/wp\/v2\/media?parent=77918"}],"wp:term":[{"taxonomy":"category","embeddable":true,"href":"https:\/\/www.redenoticia.com.br\/noticia\/wp-json\/wp\/v2\/categories?post=77918"},{"taxonomy":"post_tag","embeddable":true,"href":"https:\/\/www.redenoticia.com.br\/noticia\/wp-json\/wp\/v2\/tags?post=77918"}],"curies":[{"name":"wp","href":"https:\/\/api.w.org\/{rel}","templated":true}]}}