{"id":77914,"date":"2015-11-24T16:03:20","date_gmt":"2015-11-24T18:03:20","guid":{"rendered":"http:\/\/www.redenoticia.com.br\/noticia\/?p=77914"},"modified":"2015-11-24T16:09:33","modified_gmt":"2015-11-24T18:09:33","slug":"seguro-rural-tera-r-177-milhoes-a-menos-em-2016-do-que-este-ano","status":"publish","type":"post","link":"https:\/\/www.redenoticia.com.br\/noticia\/2015\/seguro-rural-tera-r-177-milhoes-a-menos-em-2016-do-que-este-ano\/77914","title":{"rendered":"Seguro rural ter\u00e1 R$ 177 milh\u00f5es a menos em 2016 do que este ano"},"content":{"rendered":"<p>O Plano Trienal do <strong><em>Seguro Rural<\/em><\/strong>, publicado no Di\u00e1rio Oficial da Uni\u00e3o, prev\u00ea disponibilidade de R$ 400 milh\u00f5es, no ano que vem, para cobrir parte das frustra\u00e7\u00f5es nas atividades agr\u00edcola, pecu\u00e1ria, florestal e aqu\u00edcola \u2013 uma redu\u00e7\u00e3o de 30,72% em rela\u00e7\u00e3o \u00e0 execu\u00e7\u00e3o deste ano, que alcan\u00e7ou R$ 577,4 milh\u00f5es.<\/p>\n<p>O valor ser\u00e1 corrigido para R$ 425 milh\u00f5es em 2017 e R$ 455 milh\u00f5es em 2018. A resolu\u00e7\u00e3o do Minist\u00e9rio da Agricultura, Pecu\u00e1ria e Abastecimento estabelece que o seguro rural cobrir\u00e1 de 30% a 45% das perdas de cada projeto, de acordo com a atividade e as condi\u00e7\u00f5es dos produtos segurados. Menor, portanto, que a varia\u00e7\u00e3o percentual de cobertura atual, entre 40% e 70%.<\/p>\n<p>As novas regras, com validade a partir de 2016, fixam valores m\u00e1ximos para cada benefici\u00e1rio: de R$ 72 mil por ano na agricultura e de R$ 24 mil nas demais atividades rurais. Segundo o secret\u00e1rio de Pol\u00edtica Agr\u00edcola do minist\u00e9rio, Andr\u00e9 Nassar, o plano precisava de ajustes nas regras para otimizar a aplica\u00e7\u00e3o dos recursos e alcan\u00e7ar maior n\u00famero de benefici\u00e1rios com a subven\u00e7\u00e3o.<\/p>\n<p>De acordo com ele, o n\u00edvel m\u00e9dio de apoio vai ficar ao redor de 45% sobre o valor do pr\u00eamio. Com isso, o minist\u00e9rio estima atender por volta de 100 mil ap\u00f3lices, apesar do recuo no valor or\u00e7ament\u00e1rio do programa.<\/p>\n<p>O novo Plano Trienal do Seguro Rural acaba, ainda, com casos de exce\u00e7\u00e3o, que tinham percentuais diferenciados de subven\u00e7\u00e3o em microrregi\u00f5es priorit\u00e1rias e em alguns segmentos de produtores, como na agricultura org\u00e2nica, por exemplo.<\/p>\n<p>St\u00eanio Ribeiro \u2013 Rep\u00f3rter da Ag\u00eancia Brasil<br \/>\nEdi\u00e7\u00e3o: Jorge Wamburg<br \/>\n24\/11\/2015<\/p>\n","protected":false},"excerpt":{"rendered":"<p>O Plano Trienal do Seguro Rural, publicado no Di\u00e1rio Oficial da Uni\u00e3o, prev\u00ea disponibilidade de R$ 400 milh\u00f5es, no ano que vem, para cobrir parte das frustra\u00e7\u00f5es nas atividades agr\u00edcola, pecu\u00e1ria, florestal e aqu\u00edcola \u2013 uma redu\u00e7\u00e3o de 30,72% em rela\u00e7\u00e3o \u00e0 execu\u00e7\u00e3o deste ano, que alcan\u00e7ou R$ 577,4 milh\u00f5es. O valor ser\u00e1 corrigido para [&hellip;]<\/p>\n","protected":false},"author":2,"featured_media":57585,"comment_status":"open","ping_status":"closed","sticky":false,"template":"","format":"standard","meta":{"_genesis_hide_title":false,"_genesis_hide_breadcrumbs":false,"_genesis_hide_singular_image":false,"_genesis_hide_footer_widgets":false,"_genesis_custom_body_class":"","_genesis_custom_post_class":"","_genesis_layout":"","_jetpack_memberships_contains_paid_content":false,"footnotes":""},"categories":[22,7],"tags":[],"class_list":{"0":"post-77914","1":"post","2":"type-post","3":"status-publish","4":"format-standard","5":"has-post-thumbnail","7":"category-brasil","8":"category-economia","9":"entry","10":"gs-1","11":"gs-odd","12":"gs-even","13":"gs-featured-content-entry"},"jetpack_featured_media_url":"https:\/\/www.redenoticia.com.br\/noticia\/imagens\/analise-economia.jpg","jetpack_sharing_enabled":true,"jetpack_likes_enabled":true,"_links":{"self":[{"href":"https:\/\/www.redenoticia.com.br\/noticia\/wp-json\/wp\/v2\/posts\/77914","targetHints":{"allow":["GET"]}}],"collection":[{"href":"https:\/\/www.redenoticia.com.br\/noticia\/wp-json\/wp\/v2\/posts"}],"about":[{"href":"https:\/\/www.redenoticia.com.br\/noticia\/wp-json\/wp\/v2\/types\/post"}],"author":[{"embeddable":true,"href":"https:\/\/www.redenoticia.com.br\/noticia\/wp-json\/wp\/v2\/users\/2"}],"replies":[{"embeddable":true,"href":"https:\/\/www.redenoticia.com.br\/noticia\/wp-json\/wp\/v2\/comments?post=77914"}],"version-history":[{"count":0,"href":"https:\/\/www.redenoticia.com.br\/noticia\/wp-json\/wp\/v2\/posts\/77914\/revisions"}],"wp:featuredmedia":[{"embeddable":true,"href":"https:\/\/www.redenoticia.com.br\/noticia\/wp-json\/wp\/v2\/media\/57585"}],"wp:attachment":[{"href":"https:\/\/www.redenoticia.com.br\/noticia\/wp-json\/wp\/v2\/media?parent=77914"}],"wp:term":[{"taxonomy":"category","embeddable":true,"href":"https:\/\/www.redenoticia.com.br\/noticia\/wp-json\/wp\/v2\/categories?post=77914"},{"taxonomy":"post_tag","embeddable":true,"href":"https:\/\/www.redenoticia.com.br\/noticia\/wp-json\/wp\/v2\/tags?post=77914"}],"curies":[{"name":"wp","href":"https:\/\/api.w.org\/{rel}","templated":true}]}}