{"id":77912,"date":"2015-11-24T16:01:15","date_gmt":"2015-11-24T18:01:15","guid":{"rendered":"http:\/\/www.redenoticia.com.br\/noticia\/?p=77912"},"modified":"2015-11-24T16:10:00","modified_gmt":"2015-11-24T18:10:00","slug":"brasil-e-suica-assinam-acordo-de-troca-de-informacoes-tributarias","status":"publish","type":"post","link":"https:\/\/www.redenoticia.com.br\/noticia\/2015\/brasil-e-suica-assinam-acordo-de-troca-de-informacoes-tributarias\/77912","title":{"rendered":"Brasil e Su\u00ed\u00e7a assinam acordo de troca de informa\u00e7\u00f5es tribut\u00e1rias"},"content":{"rendered":"<p>Os cidad\u00e3os brasileiros ter\u00e3o menos espa\u00e7o para manter <strong><em>recursos e bens n\u00e3o declarados na Su\u00ed\u00e7a<\/em><\/strong>. Os dois pa\u00edses assinaram acordo para troca de informa\u00e7\u00f5es tribut\u00e1rias, sem necessidade de pedidos judiciais. O acordo valer\u00e1 para obriga\u00e7\u00f5es tribut\u00e1rias a partir do ano seguinte \u00e0 aprova\u00e7\u00e3o pelo Congresso Nacional e pelo Parlamento su\u00ed\u00e7o.<\/p>\n<p>Pelo acordo, o Brasil enviar\u00e1 informa\u00e7\u00f5es relativas a tributos federais cobrados de cidad\u00e3os su\u00ed\u00e7os. A Su\u00ed\u00e7a repassar\u00e1 \u00e0 Receita Federal dados relativos aos impostos nos tr\u00eas n\u00edveis de governo \u2013 federal, cantonal (cobrado pelos cant\u00f5es) e comunal (cobrado pelas comunas). A troca de informa\u00e7\u00f5es n\u00e3o \u00e9 autom\u00e1tica. Cada pa\u00eds precisar\u00e1 fazer o pedido assim que detectar suspeita de irregularidades.<\/p>\n<p>De acordo com o secret\u00e1rio da Receita Federal, Jorge Rachid, a troca de informa\u00e7\u00f5es est\u00e1 amparada pelo C\u00f3digo Tribut\u00e1rio Nacional e n\u00e3o fere o sigilo fiscal. Isso porque a formula\u00e7\u00e3o de um pedido de informa\u00e7\u00f5es deve obedecer a regras estritas e ter fundamentos s\u00f3lidos.<\/p>\n<p>Al\u00e9m da Su\u00ed\u00e7a, o Brasil tem acordos semelhantes com oito pa\u00edses: Estados Unidos, Bermudas, Guernsey, Ilhas Cayman, Jamaica, Jersey, Reino Unido e Uruguai. Somente a troca de informa\u00e7\u00f5es com o governo norte-americano est\u00e1 em vigor. Assinado em 2007, o acordo entre o Brasil e os Estados Unidos s\u00f3 foi ratificado pelo Congresso Nacional em 2012, tendo entrado em vigor em 2013.<\/p>\n<p>Conforme Jorge Rachid, a assinatura do acordo representa um importante passo para o Brasil coibir a evas\u00e3o de divisas. \u201cDaqui para a frente, uma vez identificado algum contribuinte com movimenta\u00e7\u00e3o financeira ou bens de qualquer natureza na Su\u00ed\u00e7a, podemos acionar a administra\u00e7\u00e3o tribut\u00e1ria de l\u00e1 para coletar informa\u00e7\u00f5es.\u201d<\/p>\n<p>Presente \u00e0 cerim\u00f4nia de assinatura, o embaixador da Su\u00ed\u00e7a no Brasil, Andr\u00e9 Regli, informou que a troca de informa\u00e7\u00f5es com outros pa\u00edses mostra que o pa\u00eds europeu est\u00e1 determinado a romper com a imagem de para\u00edso fiscal.<\/p>\n<p>\u201cO acordo mostra especialmente que a Su\u00ed\u00e7a quer seguir as regras internacionais. Temos coopera\u00e7\u00e3o jur\u00eddica nos assuntos tribut\u00e1rios e administrativos. A vinda do procurador-geral [da Su\u00ed\u00e7a] seis meses atr\u00e1s [ao Brasil] mostrou que o acordo \u00e9 exemplar\u201d, afirmou.<\/p>\n<p>Sem citar nomes, o embaixador disse que o envio de remessas n\u00e3o declaradas por parte de brasileiros prejudica a imagem do pa\u00eds. \u201cA Su\u00ed\u00e7a n\u00e3o precisa receber dinheiro ilegal. Estamos cada vez mais alinhados \u00e0s pr\u00e1ticas internacionais. Derrubamos o sigilo de titulares de contas. Para a imagem da Su\u00ed\u00e7a, n\u00e3o \u00e9 bom quando existe dinheiro ilegal\u201d, completou Regli.<\/p>\n<p>A troca de informa\u00e7\u00f5es n\u00e3o abordar\u00e1 tributos n\u00e3o pagos nos \u00faltimos anos. O acordo s\u00f3 abranger\u00e1 fatos geradores a partir de 1\u00ba de janeiro do ano seguinte \u00e0 ratifica\u00e7\u00e3o do acordo pelos parlamentares dos dois pa\u00edses.<\/p>\n<p>Wellton M\u00e1ximo \u2013 Rep\u00f3rter da Ag\u00eancia Brasil<br \/>\nEdi\u00e7\u00e3o: Armando Cardoso<br \/>\n24\/11\/2015<\/p>\n","protected":false},"excerpt":{"rendered":"<p>Os cidad\u00e3os brasileiros ter\u00e3o menos espa\u00e7o para manter recursos e bens n\u00e3o declarados na Su\u00ed\u00e7a. Os dois pa\u00edses assinaram acordo para troca de informa\u00e7\u00f5es tribut\u00e1rias, sem necessidade de pedidos judiciais. O acordo valer\u00e1 para obriga\u00e7\u00f5es tribut\u00e1rias a partir do ano seguinte \u00e0 aprova\u00e7\u00e3o pelo Congresso Nacional e pelo Parlamento su\u00ed\u00e7o. Pelo acordo, o Brasil enviar\u00e1 [&hellip;]<\/p>\n","protected":false},"author":2,"featured_media":57576,"comment_status":"open","ping_status":"closed","sticky":false,"template":"","format":"standard","meta":{"_genesis_hide_title":false,"_genesis_hide_breadcrumbs":false,"_genesis_hide_singular_image":false,"_genesis_hide_footer_widgets":false,"_genesis_custom_body_class":"","_genesis_custom_post_class":"","_genesis_layout":"","_jetpack_memberships_contains_paid_content":false,"footnotes":""},"categories":[22,7],"tags":[],"class_list":{"0":"post-77912","1":"post","2":"type-post","3":"status-publish","4":"format-standard","5":"has-post-thumbnail","7":"category-brasil","8":"category-economia","9":"entry","10":"gs-1","11":"gs-odd","12":"gs-even","13":"gs-featured-content-entry"},"jetpack_featured_media_url":"https:\/\/www.redenoticia.com.br\/noticia\/imagens\/tecnologia1.jpg","jetpack_sharing_enabled":true,"jetpack_likes_enabled":true,"_links":{"self":[{"href":"https:\/\/www.redenoticia.com.br\/noticia\/wp-json\/wp\/v2\/posts\/77912","targetHints":{"allow":["GET"]}}],"collection":[{"href":"https:\/\/www.redenoticia.com.br\/noticia\/wp-json\/wp\/v2\/posts"}],"about":[{"href":"https:\/\/www.redenoticia.com.br\/noticia\/wp-json\/wp\/v2\/types\/post"}],"author":[{"embeddable":true,"href":"https:\/\/www.redenoticia.com.br\/noticia\/wp-json\/wp\/v2\/users\/2"}],"replies":[{"embeddable":true,"href":"https:\/\/www.redenoticia.com.br\/noticia\/wp-json\/wp\/v2\/comments?post=77912"}],"version-history":[{"count":0,"href":"https:\/\/www.redenoticia.com.br\/noticia\/wp-json\/wp\/v2\/posts\/77912\/revisions"}],"wp:featuredmedia":[{"embeddable":true,"href":"https:\/\/www.redenoticia.com.br\/noticia\/wp-json\/wp\/v2\/media\/57576"}],"wp:attachment":[{"href":"https:\/\/www.redenoticia.com.br\/noticia\/wp-json\/wp\/v2\/media?parent=77912"}],"wp:term":[{"taxonomy":"category","embeddable":true,"href":"https:\/\/www.redenoticia.com.br\/noticia\/wp-json\/wp\/v2\/categories?post=77912"},{"taxonomy":"post_tag","embeddable":true,"href":"https:\/\/www.redenoticia.com.br\/noticia\/wp-json\/wp\/v2\/tags?post=77912"}],"curies":[{"name":"wp","href":"https:\/\/api.w.org\/{rel}","templated":true}]}}