{"id":77877,"date":"2015-11-23T16:18:37","date_gmt":"2015-11-23T18:18:37","guid":{"rendered":"http:\/\/www.redenoticia.com.br\/noticia\/?p=77877"},"modified":"2015-11-23T16:18:37","modified_gmt":"2015-11-23T18:18:37","slug":"precos-das-hortalicas-pressionam-inflacao-em-novembro-diz-conab","status":"publish","type":"post","link":"https:\/\/www.redenoticia.com.br\/noticia\/2015\/precos-das-hortalicas-pressionam-inflacao-em-novembro-diz-conab\/77877","title":{"rendered":"Pre\u00e7os das hortali\u00e7as pressionam infla\u00e7\u00e3o em novembro, diz Conab"},"content":{"rendered":"<p>Depois da redu\u00e7\u00e3o de pre\u00e7os verificada nas principais hortali\u00e7as, no m\u00eas de outubro, os consumidores come\u00e7aram a pagar mais pelos mesmos produtos em novembro, devido \u00e0 menor oferta de alguns deles nas centrais de abastecimento (Ceasas), informou o t\u00e9cnico da Companhia Nacional de Abastecimento (Conab), \u00c9rico Farias. Segundo Farias, os pre\u00e7os da cebola apresentaram quedas de 35% (em S\u00e3o Paulo) e de 55% (em Belo Horizonte) no m\u00eas passado; a batata caiu at\u00e9 28%, na Ceasa de Goi\u00e2nia; e o pre\u00e7o do tomate teve redu\u00e7\u00e3o de 3% (em Belo Horizonte) e de 9% (em Curitiba). &#8220;Os pre\u00e7os em novembro est\u00e3o em alta, o que mostra <strong><em>repique inflacion\u00e1rio<\/em><\/strong>&#8220;, disse ele.<\/p>\n<p>Boletim divulgado pela Conab destaca a redu\u00e7\u00e3o m\u00e9dia de 45% nos pre\u00e7os da cebola. A queda, em rela\u00e7\u00e3o aos pre\u00e7os cobrados no in\u00edcio do segundo semestre, \u00e9 proveniente da recupera\u00e7\u00e3o da produ\u00e7\u00e3o nacional e da chegada de nova safra de cebolas ao mercado, desde o final de setembro.<\/p>\n<p>A Conab verifica, no entanto, que os pre\u00e7os registrados ficaram abaixo dos custos de produ\u00e7\u00e3o, o que dever\u00e1 provocar diminui\u00e7\u00e3o na \u00e1rea plantada e consequente redu\u00e7\u00e3o de oferta do produto em futuro pr\u00f3ximo, com nova press\u00e3o inflacion\u00e1ria da hortali\u00e7a<\/p>\n<p>Comportamento semelhante verifica-se com a batata, que registrou boa produ\u00e7\u00e3o e maior oferta do produto ao mercado, no m\u00eas de outubro, com consequente baixa de pre\u00e7os. Mas, em virtude do atraso na colheita do produto no Sul do pa\u00eds, a oferta caiu. Com isso, os pre\u00e7os se recuperaram nas duas \u00faltimas semanas. A cenoura tamb\u00e9m est\u00e1 com pre\u00e7o em queda: o cen\u00e1rio deve se manter, porque a oferta do produto proveniente de Minas Gerais continua expressiva.<\/p>\n<p>O tomate tem apresentado aumentos neste ano, em decorr\u00eancia da varia\u00e7\u00e3o do d\u00f3lar, o que impulsiona os custos de produ\u00e7\u00e3o. Em outubro, apenas tr\u00eas dos oito entrepostos analisados registraram queda de pre\u00e7os. Neste m\u00eas, os pre\u00e7os continuam em alta na maioria das Ceasas. Em S\u00e3o Paulo o pre\u00e7o aumentou de R$ 2,50 para R$ 4 na m\u00e9dia.<\/p>\n<p>As frutas pressionam os pre\u00e7os ao consumidor, principalmente por causa das exporta\u00e7\u00f5es. Com o d\u00f3lar valorizado, o mercado externo passa a ser mais rent\u00e1vel ao produtor, o que diminui a oferta dos produtos internamente. A subida \u00e9 mais percebida na comercializa\u00e7\u00e3o de laranja, ma\u00e7\u00e3 e mam\u00e3o. Banana e melancia registraram varia\u00e7\u00f5es de alta e de queda nos pre\u00e7os, conforme a regi\u00e3o.<\/p>\n<p>St\u00eanio Ribeiro \u2013 Rep\u00f3rter da Ag\u00eancia Brasil<br \/>\nEdi\u00e7\u00e3o: Jos\u00e9 Romildo<br \/>\n23\/11\/2015<\/p>\n","protected":false},"excerpt":{"rendered":"<p>Depois da redu\u00e7\u00e3o de pre\u00e7os verificada nas principais hortali\u00e7as, no m\u00eas de outubro, os consumidores come\u00e7aram a pagar mais pelos mesmos produtos em novembro, devido \u00e0 menor oferta de alguns deles nas centrais de abastecimento (Ceasas), informou o t\u00e9cnico da Companhia Nacional de Abastecimento (Conab), \u00c9rico Farias. Segundo Farias, os pre\u00e7os da cebola apresentaram quedas [&hellip;]<\/p>\n","protected":false},"author":2,"featured_media":57584,"comment_status":"open","ping_status":"closed","sticky":false,"template":"","format":"standard","meta":{"_genesis_hide_title":false,"_genesis_hide_breadcrumbs":false,"_genesis_hide_singular_image":false,"_genesis_hide_footer_widgets":false,"_genesis_custom_body_class":"","_genesis_custom_post_class":"","_genesis_layout":"","_jetpack_memberships_contains_paid_content":false,"footnotes":""},"categories":[22,7],"tags":[],"class_list":{"0":"post-77877","1":"post","2":"type-post","3":"status-publish","4":"format-standard","5":"has-post-thumbnail","7":"category-brasil","8":"category-economia","9":"entry","10":"gs-1","11":"gs-odd","12":"gs-even","13":"gs-featured-content-entry"},"jetpack_featured_media_url":"https:\/\/www.redenoticia.com.br\/noticia\/imagens\/economia-grafica-analise-inflacao.jpg","jetpack_sharing_enabled":true,"jetpack_likes_enabled":true,"_links":{"self":[{"href":"https:\/\/www.redenoticia.com.br\/noticia\/wp-json\/wp\/v2\/posts\/77877","targetHints":{"allow":["GET"]}}],"collection":[{"href":"https:\/\/www.redenoticia.com.br\/noticia\/wp-json\/wp\/v2\/posts"}],"about":[{"href":"https:\/\/www.redenoticia.com.br\/noticia\/wp-json\/wp\/v2\/types\/post"}],"author":[{"embeddable":true,"href":"https:\/\/www.redenoticia.com.br\/noticia\/wp-json\/wp\/v2\/users\/2"}],"replies":[{"embeddable":true,"href":"https:\/\/www.redenoticia.com.br\/noticia\/wp-json\/wp\/v2\/comments?post=77877"}],"version-history":[{"count":0,"href":"https:\/\/www.redenoticia.com.br\/noticia\/wp-json\/wp\/v2\/posts\/77877\/revisions"}],"wp:featuredmedia":[{"embeddable":true,"href":"https:\/\/www.redenoticia.com.br\/noticia\/wp-json\/wp\/v2\/media\/57584"}],"wp:attachment":[{"href":"https:\/\/www.redenoticia.com.br\/noticia\/wp-json\/wp\/v2\/media?parent=77877"}],"wp:term":[{"taxonomy":"category","embeddable":true,"href":"https:\/\/www.redenoticia.com.br\/noticia\/wp-json\/wp\/v2\/categories?post=77877"},{"taxonomy":"post_tag","embeddable":true,"href":"https:\/\/www.redenoticia.com.br\/noticia\/wp-json\/wp\/v2\/tags?post=77877"}],"curies":[{"name":"wp","href":"https:\/\/api.w.org\/{rel}","templated":true}]}}