{"id":77750,"date":"2015-11-19T18:16:48","date_gmt":"2015-11-19T20:16:48","guid":{"rendered":"http:\/\/www.redenoticia.com.br\/noticia\/?p=77750"},"modified":"2015-11-19T18:16:48","modified_gmt":"2015-11-19T20:16:48","slug":"previa-da-inflacao-oficial-chega-a-1028-nos-ultimos-12-meses","status":"publish","type":"post","link":"https:\/\/www.redenoticia.com.br\/noticia\/2015\/previa-da-inflacao-oficial-chega-a-1028-nos-ultimos-12-meses\/77750","title":{"rendered":"Pr\u00e9via da infla\u00e7\u00e3o oficial chega a 10,28% nos \u00faltimos 12 meses"},"content":{"rendered":"<p>O \u00cdndice Nacional de Pre\u00e7os ao Consumidor Amplo 15 (IPCA-15), a pr\u00e9via da <strong><em>infla\u00e7\u00e3o<\/em><\/strong> oficial, subiu 0,85% em novembro. \u00c9 o \u00edndice mais elevado desde 2010, segundo o Instituto Brasileiro de Geografia e Estat\u00edstica (IBGE), quando foi registrado 0,86%.<\/p>\n<p>No ano, o indicador chegou a 9,42% no ano, o maior no acumulado de janeiro a novembro desde 1996. Em 2014, em compara\u00e7\u00e3o ao mesmo per\u00edodo, a taxa era 5,63%.<\/p>\n<p>Em rela\u00e7\u00e3o aos \u00faltimos 12 meses, o \u00edndice chegou a 10,28%, acima da taxa dos 12 meses imediatamente anteriores (9,77%). &#8220;Desde novembro de 2003, com os 12 meses em 12,69%, n\u00e3o havia registro de taxa mais elevada. Em novembro de 2014 o IPCA-15 havia sido 0,38%&#8221;, diz o IBGE.<\/p>\n<p>O pre\u00e7o do combust\u00edvel, com alta de 5,89% no m\u00eas, foi o que mais pressionou o IPCA-15 em novembro. O item responde por 35% do indicador.<\/p>\n<p>&#8220;O consumidor passou a pagar 4,70% a mais pelo litro da gasolina, que exerceu impacto de 0,18 p.p. [ponto percentual] no \u00edndice, enquanto o etanol, que ficou 12,53% mais caro, exerceu 0,11 p.p.. O aumento da gasolina nas bombas, que acumula 6,48% nos meses de outubro e novembro, foi consequ\u00eancia dos 6% praticados ao n\u00edvel das refinarias, reajuste em vigor desde o dia 30 de setembro&#8221;, diz nota do IBGE.<\/p>\n<p>Segundo o IBGE, os pre\u00e7os no grupo transporte tamb\u00e9m foram influenciados pelas tarifas de \u00f4nibus, com alta de 0,76%. Em Belo Horizonte, a varia\u00e7\u00e3o foi de 5,77%, onde o reajuste de 9,68% passou a vigorar a partir de 25 de outubro; em Bras\u00edlia, a varia\u00e7\u00e3o chegou a 5,26%, onde as tarifas foram reajustadas em 33,34% em setembro. Em Fortaleza, a varia\u00e7\u00e3o chegou a 2,92%, com reajuste de 14,58% em novembro.<\/p>\n<p>Alimentos e Bebidas<\/p>\n<p>O grupo Alimenta\u00e7\u00e3o e Bebidas registrou alta de 1,05%, impactando tamb\u00e9m no resultado do \u00edndice. Os produtos comprados para consumo em casa aumentaram 1,35%. A alimenta\u00e7\u00e3o fora de casa subiu 0,52%. De outubro a novembro, alguns dos alimentos e bebidas que tiveram alta de pre\u00e7os foram: tomate (15,23%), a\u00e7\u00facar cristal (9,61%) e refinado (7,94%), arroz (4,10%), frango inteiro (3,96%), cerveja (3,35%), \u00f3leo de soja (2,84%), frutas (2,14%), carne (1,71%) e p\u00e3o franc\u00eas (1,03%).<\/p>\n<p>Os mais baixos resultados de grupo foram em artigos de resid\u00eancia, com 0,07%, e educa\u00e7\u00e3o, que ficou em 0,03%.<\/p>\n<p>Os pre\u00e7os para o c\u00e1lculo do IPCA-15 foram coletados entre os dias 15 de outubro e 12 de novembro de 2015 e comparados com os coletados de 15 de setembro a 14 de outubro de 2015. O indicador refere-se \u00e0s fam\u00edlias com rendimento de um a 40 sal\u00e1rios m\u00ednimos nas regi\u00f5es metropolitanas do Rio de Janeiro, de Porto Alegre, Belo Horizonte, do Recife, de S\u00e3o Paulo, Bel\u00e9m, Fortaleza, Salvador e Curitiba, al\u00e9m de Bras\u00edlia e Goi\u00e2nia. A metodologia \u00e9 a mesma usada no IPCA, a diferen\u00e7a est\u00e1 no per\u00edodo de coleta dos pre\u00e7os e na abrang\u00eancia geogr\u00e1fica.<\/p>\n<p>Da Ag\u00eancia Brasil<br \/>\nEdi\u00e7\u00e3o: Carolina Pimentel<\/p>\n","protected":false},"excerpt":{"rendered":"<p>O \u00cdndice Nacional de Pre\u00e7os ao Consumidor Amplo 15 (IPCA-15), a pr\u00e9via da infla\u00e7\u00e3o oficial, subiu 0,85% em novembro. \u00c9 o \u00edndice mais elevado desde 2010, segundo o Instituto Brasileiro de Geografia e Estat\u00edstica (IBGE), quando foi registrado 0,86%. No ano, o indicador chegou a 9,42% no ano, o maior no acumulado de janeiro a [&hellip;]<\/p>\n","protected":false},"author":2,"featured_media":57584,"comment_status":"open","ping_status":"closed","sticky":false,"template":"","format":"standard","meta":{"_genesis_hide_title":false,"_genesis_hide_breadcrumbs":false,"_genesis_hide_singular_image":false,"_genesis_hide_footer_widgets":false,"_genesis_custom_body_class":"","_genesis_custom_post_class":"","_genesis_layout":"","_jetpack_memberships_contains_paid_content":false,"footnotes":""},"categories":[22,7],"tags":[],"class_list":{"0":"post-77750","1":"post","2":"type-post","3":"status-publish","4":"format-standard","5":"has-post-thumbnail","7":"category-brasil","8":"category-economia","9":"entry","10":"gs-1","11":"gs-odd","12":"gs-even","13":"gs-featured-content-entry"},"jetpack_featured_media_url":"https:\/\/www.redenoticia.com.br\/noticia\/imagens\/economia-grafica-analise-inflacao.jpg","jetpack_sharing_enabled":true,"jetpack_likes_enabled":true,"_links":{"self":[{"href":"https:\/\/www.redenoticia.com.br\/noticia\/wp-json\/wp\/v2\/posts\/77750","targetHints":{"allow":["GET"]}}],"collection":[{"href":"https:\/\/www.redenoticia.com.br\/noticia\/wp-json\/wp\/v2\/posts"}],"about":[{"href":"https:\/\/www.redenoticia.com.br\/noticia\/wp-json\/wp\/v2\/types\/post"}],"author":[{"embeddable":true,"href":"https:\/\/www.redenoticia.com.br\/noticia\/wp-json\/wp\/v2\/users\/2"}],"replies":[{"embeddable":true,"href":"https:\/\/www.redenoticia.com.br\/noticia\/wp-json\/wp\/v2\/comments?post=77750"}],"version-history":[{"count":0,"href":"https:\/\/www.redenoticia.com.br\/noticia\/wp-json\/wp\/v2\/posts\/77750\/revisions"}],"wp:featuredmedia":[{"embeddable":true,"href":"https:\/\/www.redenoticia.com.br\/noticia\/wp-json\/wp\/v2\/media\/57584"}],"wp:attachment":[{"href":"https:\/\/www.redenoticia.com.br\/noticia\/wp-json\/wp\/v2\/media?parent=77750"}],"wp:term":[{"taxonomy":"category","embeddable":true,"href":"https:\/\/www.redenoticia.com.br\/noticia\/wp-json\/wp\/v2\/categories?post=77750"},{"taxonomy":"post_tag","embeddable":true,"href":"https:\/\/www.redenoticia.com.br\/noticia\/wp-json\/wp\/v2\/tags?post=77750"}],"curies":[{"name":"wp","href":"https:\/\/api.w.org\/{rel}","templated":true}]}}