{"id":77412,"date":"2015-11-11T17:35:00","date_gmt":"2015-11-11T19:35:00","guid":{"rendered":"http:\/\/www.redenoticia.com.br\/noticia\/?p=77412"},"modified":"2015-11-11T17:35:00","modified_gmt":"2015-11-11T19:35:00","slug":"procon-sp-alerta-sobre-alta-dos-juros","status":"publish","type":"post","link":"https:\/\/www.redenoticia.com.br\/noticia\/2015\/procon-sp-alerta-sobre-alta-dos-juros\/77412","title":{"rendered":"Procon-SP alerta sobre alta dos juros"},"content":{"rendered":"<p>A pesquisa de <em><strong>taxas de juros<\/strong><\/em> realizada pelo Procon-SP, realizada no dia 3 de novembro, mostra aumento de juros em quatro das sete institui\u00e7\u00f5es financeiras que fazem parte da amostra. Uma subiu a taxa do cheque especial e tr\u00eas do empr\u00e9stimo pessoal. A \u00fanica redu\u00e7\u00e3o detectada foi na taxa do cheque especial da Caixa Econ\u00f4mica Federal.<\/p>\n<p>A taxa m\u00e9dia de juros no cheque especial dos bancos pesquisados foi de 12,24% a.m., inferior \u00e0 do m\u00eas anterior que foi de 12,28% a.m., representando assim uma redu\u00e7\u00e3o m\u00e9dia de 0,04 ponto percentual.<\/p>\n<p>A \u00fanica alta verificada foi no Banco Santander, que alterou os juros do cheque especial de 14,84% para 14,95% a.m., o que significa um aumento de 0,74% em rela\u00e7\u00e3o \u00e0 taxa de outubro.<\/p>\n<p>E a \u00fanica redu\u00e7\u00e3o foi registrada na Caixa Econ\u00f4mica Federal. A institui\u00e7\u00e3o alterou de 11,38% para 10,98% a.m., o que significa uma varia\u00e7\u00e3o negativa de 3,51% em rela\u00e7\u00e3o \u00e0 taxa do m\u00eas outubro.<\/p>\n<p>O empr\u00e9stimo pessoal registrou m\u00e9dia nos bancos pesquisados de 6,39% a.m., superior \u00e0 do m\u00eas anterior que foi de 6,27% a.m.. Assim representa um acr\u00e9scimo de 0,12 ponto percentual.<\/p>\n<p>A maior alta verificada nesta linha de cr\u00e9dito foi no Banco Santander que alterou de 7,99% para 8,49% a.m., o que significa um aumento de 6,26% em rela\u00e7\u00e3o \u00e0 taxa de outubro. As outras altas foram encontradas na Caixa Econ\u00f4mica Federal que registrou varia\u00e7\u00e3o positiva de 4,17 % em rela\u00e7\u00e3o ao m\u00eas anterior e, Banco Ita\u00fa, 2,72%.<\/p>\n<p>Os demais bancos mantiveram suas taxas. Veja a pesquisa completa .<\/p>\n<p>Sugest\u00e3o do Procon- SP<\/p>\n<p>Apesar da leve queda da taxa m\u00e9dia do cheque especial, as taxas continuam altas. Desta forma, antes de ceder aos apelos de consumo, que j\u00e1 come\u00e7am a surgir com as ofertas que antecedem o Natal, o Procon-SP orienta que o consumidor analise as diversas alternativas de cr\u00e9dito, priorizando a liquida\u00e7\u00e3o de suas d\u00edvidas.<\/p>\n<p>Neste momento, o empr\u00e9stimo s\u00f3 \u00e9 recomend\u00e1vel se for para quitar outros empr\u00e9stimos\/financiamentos cujas taxas sejam maiores.<\/p>\n<p>Do Portal do Governo do Estado SP<\/p>\n<div class=\"wrap-content\"><\/div>\n","protected":false},"excerpt":{"rendered":"<p>A pesquisa de taxas de juros realizada pelo Procon-SP, realizada no dia 3 de novembro, mostra aumento de juros em quatro das sete institui\u00e7\u00f5es financeiras que fazem parte da amostra. Uma subiu a taxa do cheque especial e tr\u00eas do empr\u00e9stimo pessoal. A \u00fanica redu\u00e7\u00e3o detectada foi na taxa do cheque especial da Caixa Econ\u00f4mica [&hellip;]<\/p>\n","protected":false},"author":2,"featured_media":57582,"comment_status":"open","ping_status":"closed","sticky":false,"template":"","format":"standard","meta":{"_genesis_hide_title":false,"_genesis_hide_breadcrumbs":false,"_genesis_hide_singular_image":false,"_genesis_hide_footer_widgets":false,"_genesis_custom_body_class":"","_genesis_custom_post_class":"","_genesis_layout":"","_jetpack_memberships_contains_paid_content":false,"footnotes":""},"categories":[22,7],"tags":[],"class_list":{"0":"post-77412","1":"post","2":"type-post","3":"status-publish","4":"format-standard","5":"has-post-thumbnail","7":"category-brasil","8":"category-economia","9":"entry","10":"gs-1","11":"gs-odd","12":"gs-even","13":"gs-featured-content-entry"},"jetpack_featured_media_url":"https:\/\/www.redenoticia.com.br\/noticia\/imagens\/grafico1.jpg","jetpack_sharing_enabled":true,"jetpack_likes_enabled":true,"_links":{"self":[{"href":"https:\/\/www.redenoticia.com.br\/noticia\/wp-json\/wp\/v2\/posts\/77412","targetHints":{"allow":["GET"]}}],"collection":[{"href":"https:\/\/www.redenoticia.com.br\/noticia\/wp-json\/wp\/v2\/posts"}],"about":[{"href":"https:\/\/www.redenoticia.com.br\/noticia\/wp-json\/wp\/v2\/types\/post"}],"author":[{"embeddable":true,"href":"https:\/\/www.redenoticia.com.br\/noticia\/wp-json\/wp\/v2\/users\/2"}],"replies":[{"embeddable":true,"href":"https:\/\/www.redenoticia.com.br\/noticia\/wp-json\/wp\/v2\/comments?post=77412"}],"version-history":[{"count":0,"href":"https:\/\/www.redenoticia.com.br\/noticia\/wp-json\/wp\/v2\/posts\/77412\/revisions"}],"wp:featuredmedia":[{"embeddable":true,"href":"https:\/\/www.redenoticia.com.br\/noticia\/wp-json\/wp\/v2\/media\/57582"}],"wp:attachment":[{"href":"https:\/\/www.redenoticia.com.br\/noticia\/wp-json\/wp\/v2\/media?parent=77412"}],"wp:term":[{"taxonomy":"category","embeddable":true,"href":"https:\/\/www.redenoticia.com.br\/noticia\/wp-json\/wp\/v2\/categories?post=77412"},{"taxonomy":"post_tag","embeddable":true,"href":"https:\/\/www.redenoticia.com.br\/noticia\/wp-json\/wp\/v2\/tags?post=77412"}],"curies":[{"name":"wp","href":"https:\/\/api.w.org\/{rel}","templated":true}]}}