{"id":77309,"date":"2015-11-09T17:25:29","date_gmt":"2015-11-09T19:25:29","guid":{"rendered":"http:\/\/www.redenoticia.com.br\/noticia\/?p=77309"},"modified":"2015-11-09T17:25:29","modified_gmt":"2015-11-09T19:25:29","slug":"calor-chuva-e-dolar-provocam-alta-das-frutas-e-verduras-na-ceagesp","status":"publish","type":"post","link":"https:\/\/www.redenoticia.com.br\/noticia\/2015\/calor-chuva-e-dolar-provocam-alta-das-frutas-e-verduras-na-ceagesp\/77309","title":{"rendered":"Calor, chuva e d\u00f3lar provocam alta das frutas e verduras na Ceagesp"},"content":{"rendered":"<p>O <strong><em>\u00cdndice de Pre\u00e7os Ceagesp<\/em><\/strong> avan\u00e7ou em 5,33% sobre setembro, com alta, principalmente, das frutas e verduras. No acumulado desde janeiro, o indicador teve alta de 6,29% e, nos \u00faltimos 12 meses, 5,49%. De acordo com a apura\u00e7\u00e3o feita pela Companhia de Entrepostos e Armaz\u00e9ns Gerais de S\u00e3o Paulo (\/Ceagesp), o excesso de chuvas nas regi\u00f5es produtoras do Sudeste, al\u00e9m do calor, prejudicaram o desenvolvimento das culturas, reduzindo as ofertas para a comercializa\u00e7\u00e3o.<\/p>\n<p>No caso das frutas, o reajuste m\u00e9dio de 7,91% tamb\u00e9m foi influenciado pela varia\u00e7\u00e3o cambial que levou \u00e0 redu\u00e7\u00e3o na oferta de produtos. Como 20% das frutas v\u00eam do exterior, a Ceagesp est\u00e1 prevendo tend\u00eancia de mais press\u00e3o sobre os pre\u00e7os.<\/p>\n<p>As maiores eleva\u00e7\u00f5es ocorreram sobre os seguintes itens: lim\u00e3o taiti (63,2%), carambola (62,8%), figo (36,8%), ameixa estrangeira (25,1%) e ma\u00e7\u00e3 estrangeira (18,1%). Em contrapartida, houve recuo dos pre\u00e7os da manga tommy (-18,9%), da acerola (-14,5%), da banana ma\u00e7\u00e3 (-12,7%) e melancia (-9,4%).<\/p>\n<p>No grupo das verduras, os pre\u00e7os subiram em m\u00e9dia 9,56%. Entre as principais corre\u00e7\u00f5es est\u00e3o o coentro (73,2%), a salsa (36,95%), a acelga (32%), a alface americana (26,3%) e a couve-flor (20%). No mesmo per\u00edodo, ficou mais em conta a moyashi (-5,3%), o repolho (-4,7%) e a cebolinha (-3,6%).<\/p>\n<p>\u201cA tend\u00eancia \u00e9 que, com o in\u00edcio do per\u00edodo de chuvas, principalmente nas regi\u00f5es Sul e Sudeste, algumas hortali\u00e7as possam apresentar diminui\u00e7\u00e3o no volume ofertado e problemas na qualidade\u201d, diz a nota de divulga\u00e7\u00e3o da Ceagesp. O comunicado acrescenta que as verduras estavam com pre\u00e7os defasados e por isso devem passar por recomposi\u00e7\u00e3o diante de uma produ\u00e7\u00e3o mais reduzida.<\/p>\n<p>Os legumes ficaram 1,35% mais caros com destaque para o chuchu (61%), a berinjela (49,1%), o piment\u00e3o verde (33%), a ervilha torta (23,3%) e a mandioquinha (19,2%). Entre os que apresentaram queda est\u00e3o o tomate cereja (-37%), o piment\u00e3o vermelho (-31,8%), o pepino japon\u00eas (-31,2%),o piment\u00e3o amarelo (-29,3%) e o cogumelo (-23,2%).<\/p>\n<p>J\u00e1 no grupo de produtos classificados como diversos ocorreu redu\u00e7\u00e3o de 8,06%, puxada, principalmente, pela cebola nacional (-42,3%), batata comum (-13,3%) e batata lisa (-11,4%). Entre os que tiveram alta est\u00e3o o coco seco (20,4%), milho pipoca (14,7%) e ovos (2,7%).<\/p>\n<p>No segmento de pescados foi pequena a varia\u00e7\u00e3o de alta na m\u00e9dia 0,38%. Mas alguns itens sofreram corre\u00e7\u00f5es mais expressivas caso do cascote (8,7%), da corvina (7,9%), da pescada (4,8%) e do ca\u00e7\u00e3o (3,6%). Em compensa\u00e7\u00e3o, diminu\u00edram os pre\u00e7os da betarra (-13,3%), da anchova (-7,5%) e do peixe namorado (-4,5%).<\/p>\n<p>Marli Moreira &#8211; Rep\u00f3rter da Ag\u00eancia Brasil<br \/>\nEdi\u00e7\u00e3o: Jos\u00e9 Romildo<br \/>\n09\/11\/2015<\/p>\n","protected":false},"excerpt":{"rendered":"<p>O \u00cdndice de Pre\u00e7os Ceagesp avan\u00e7ou em 5,33% sobre setembro, com alta, principalmente, das frutas e verduras. No acumulado desde janeiro, o indicador teve alta de 6,29% e, nos \u00faltimos 12 meses, 5,49%. De acordo com a apura\u00e7\u00e3o feita pela Companhia de Entrepostos e Armaz\u00e9ns Gerais de S\u00e3o Paulo (\/Ceagesp), o excesso de chuvas nas [&hellip;]<\/p>\n","protected":false},"author":2,"featured_media":57585,"comment_status":"open","ping_status":"closed","sticky":false,"template":"","format":"standard","meta":{"_genesis_hide_title":false,"_genesis_hide_breadcrumbs":false,"_genesis_hide_singular_image":false,"_genesis_hide_footer_widgets":false,"_genesis_custom_body_class":"","_genesis_custom_post_class":"","_genesis_layout":"","_jetpack_memberships_contains_paid_content":false,"footnotes":""},"categories":[22,7],"tags":[],"class_list":{"0":"post-77309","1":"post","2":"type-post","3":"status-publish","4":"format-standard","5":"has-post-thumbnail","7":"category-brasil","8":"category-economia","9":"entry","10":"gs-1","11":"gs-odd","12":"gs-even","13":"gs-featured-content-entry"},"jetpack_featured_media_url":"https:\/\/www.redenoticia.com.br\/noticia\/imagens\/analise-economia.jpg","jetpack_sharing_enabled":true,"jetpack_likes_enabled":true,"_links":{"self":[{"href":"https:\/\/www.redenoticia.com.br\/noticia\/wp-json\/wp\/v2\/posts\/77309","targetHints":{"allow":["GET"]}}],"collection":[{"href":"https:\/\/www.redenoticia.com.br\/noticia\/wp-json\/wp\/v2\/posts"}],"about":[{"href":"https:\/\/www.redenoticia.com.br\/noticia\/wp-json\/wp\/v2\/types\/post"}],"author":[{"embeddable":true,"href":"https:\/\/www.redenoticia.com.br\/noticia\/wp-json\/wp\/v2\/users\/2"}],"replies":[{"embeddable":true,"href":"https:\/\/www.redenoticia.com.br\/noticia\/wp-json\/wp\/v2\/comments?post=77309"}],"version-history":[{"count":0,"href":"https:\/\/www.redenoticia.com.br\/noticia\/wp-json\/wp\/v2\/posts\/77309\/revisions"}],"wp:featuredmedia":[{"embeddable":true,"href":"https:\/\/www.redenoticia.com.br\/noticia\/wp-json\/wp\/v2\/media\/57585"}],"wp:attachment":[{"href":"https:\/\/www.redenoticia.com.br\/noticia\/wp-json\/wp\/v2\/media?parent=77309"}],"wp:term":[{"taxonomy":"category","embeddable":true,"href":"https:\/\/www.redenoticia.com.br\/noticia\/wp-json\/wp\/v2\/categories?post=77309"},{"taxonomy":"post_tag","embeddable":true,"href":"https:\/\/www.redenoticia.com.br\/noticia\/wp-json\/wp\/v2\/tags?post=77309"}],"curies":[{"name":"wp","href":"https:\/\/api.w.org\/{rel}","templated":true}]}}