{"id":77236,"date":"2015-11-06T17:29:14","date_gmt":"2015-11-06T19:29:14","guid":{"rendered":"http:\/\/www.redenoticia.com.br\/noticia\/?p=77236"},"modified":"2015-11-06T17:29:14","modified_gmt":"2015-11-06T19:29:14","slug":"inflacao-medida-pela-fgv-sobe-1058-em-12-meses","status":"publish","type":"post","link":"https:\/\/www.redenoticia.com.br\/noticia\/2015\/inflacao-medida-pela-fgv-sobe-1058-em-12-meses\/77236","title":{"rendered":"Infla\u00e7\u00e3o medida pela FGV sobe 10,58% em 12 meses"},"content":{"rendered":"<p> A <strong><em>infla\u00e7\u00e3o<\/em><\/strong> medida pelo \u00cdndice Geral de Pre\u00e7os do Mercado &#8211; Disponibilidade Interna (IGP-DI) subiu 1,76% em outubro, depois do aumento de 1,42% em setembro, informou a Funda\u00e7\u00e3o Getulio Vargas (FGV). O \u00edndice acumula alta no ano de 8,91% e de 10,58% em 12 meses. O IGP-DI \u00e9 o indexador das d\u00edvidas dos estados com a Uni\u00e3o.<\/p>\n<p>De acordo com a FGV, o aumento do IGP-DI de outubro \u00e9 reflexo da subida de pre\u00e7os de alimentos processados, em 3,1%. Tamb\u00e9m pressionaram o indicador o reajuste de pre\u00e7os de combust\u00edveis e lubrificantes, que tiveram queda em setembro e mas subiram 2,7% no \u00faltimo m\u00eas.<\/p>\n<p>J\u00e1 as mat\u00e9rias-primas tiveram uma alta de pre\u00e7os menor, de 2,9%, em outubro, em rela\u00e7\u00e3o ao anterior. Os pre\u00e7os que menos subiram foram a soja em gr\u00e3o, o leite in natura e os su\u00ednos. J\u00e1 os produtos l\u00e1cteos, carne, caf\u00e9 e cana-de-a\u00e7\u00facar foram os que mais subiram.<\/p>\n<p>Com esse cen\u00e1rio, o \u00cdndice de Pre\u00e7os do Atacado (IPA), um dos tr\u00eas sub\u00edndices que comp\u00f5em o IGP-DI, aumentou 2,3%, ante 2% em setembro deste ano.<\/p>\n<p>No varejo, a FGV registrou aumento de pre\u00e7os em cinco das oito classes de produtos pesquisados. O destaque \u00e9 para o setor de transportes, que teve alta de 0,32% para 1,92%.<\/p>\n<p>Segundo a FGV, a maior press\u00e3o inflacion\u00e1ria veio da gasolina: os pre\u00e7os desse combust\u00edvel estavam em queda de -0,24%, em setembro, e subiram em outubro para 5,2%, elevando o \u00cdndice de Pre\u00e7os a Consumidor para 0,76% no m\u00eas.<\/p>\n<p>Em contrapartida, o consumidor economizou com roupas e passagens a\u00e9reas, que tiveram redu\u00e7\u00e3o de 5,86% para 1,12% e com a mensalidade de TV por assinatura, que caiu de 1,74% para 0,33%.<\/p>\n<p>J\u00e1 os custos com a constru\u00e7\u00e3o civil, que tamb\u00e9m comp\u00f5em o IGP-DI, tiveram alta de 0,36%. O valor da m\u00e3o de obra n\u00e3o subiu, mas materiais, equipamentos e servi\u00e7os ficaram mais caros.<\/p>\n<p>O IGP-DI \u00e9 calculado com base em pre\u00e7os coletados entre os dias 1\u00ba e 31 do m\u00eas de refer\u00eancia.<\/p>\n<p> Isabela Vieira &#8211; Rep\u00f3rter da Ag\u00eancia Brasil<br \/>\nEdi\u00e7\u00e3o: Jos\u00e9 Romildo<br \/>\n06\/11\/2015<\/p>\n","protected":false},"excerpt":{"rendered":"<p>A infla\u00e7\u00e3o medida pelo \u00cdndice Geral de Pre\u00e7os do Mercado &#8211; Disponibilidade Interna (IGP-DI) subiu 1,76% em outubro, depois do aumento de 1,42% em setembro, informou a Funda\u00e7\u00e3o Getulio Vargas (FGV). O \u00edndice acumula alta no ano de 8,91% e de 10,58% em 12 meses. O IGP-DI \u00e9 o indexador das d\u00edvidas dos estados com [&hellip;]<\/p>\n","protected":false},"author":2,"featured_media":57584,"comment_status":"open","ping_status":"closed","sticky":false,"template":"","format":"standard","meta":{"_genesis_hide_title":false,"_genesis_hide_breadcrumbs":false,"_genesis_hide_singular_image":false,"_genesis_hide_footer_widgets":false,"_genesis_custom_body_class":"","_genesis_custom_post_class":"","_genesis_layout":"","_jetpack_memberships_contains_paid_content":false,"footnotes":""},"categories":[22,7],"tags":[],"class_list":{"0":"post-77236","1":"post","2":"type-post","3":"status-publish","4":"format-standard","5":"has-post-thumbnail","7":"category-brasil","8":"category-economia","9":"entry","10":"gs-1","11":"gs-odd","12":"gs-even","13":"gs-featured-content-entry"},"jetpack_featured_media_url":"https:\/\/www.redenoticia.com.br\/noticia\/imagens\/economia-grafica-analise-inflacao.jpg","jetpack_sharing_enabled":true,"jetpack_likes_enabled":true,"_links":{"self":[{"href":"https:\/\/www.redenoticia.com.br\/noticia\/wp-json\/wp\/v2\/posts\/77236","targetHints":{"allow":["GET"]}}],"collection":[{"href":"https:\/\/www.redenoticia.com.br\/noticia\/wp-json\/wp\/v2\/posts"}],"about":[{"href":"https:\/\/www.redenoticia.com.br\/noticia\/wp-json\/wp\/v2\/types\/post"}],"author":[{"embeddable":true,"href":"https:\/\/www.redenoticia.com.br\/noticia\/wp-json\/wp\/v2\/users\/2"}],"replies":[{"embeddable":true,"href":"https:\/\/www.redenoticia.com.br\/noticia\/wp-json\/wp\/v2\/comments?post=77236"}],"version-history":[{"count":0,"href":"https:\/\/www.redenoticia.com.br\/noticia\/wp-json\/wp\/v2\/posts\/77236\/revisions"}],"wp:featuredmedia":[{"embeddable":true,"href":"https:\/\/www.redenoticia.com.br\/noticia\/wp-json\/wp\/v2\/media\/57584"}],"wp:attachment":[{"href":"https:\/\/www.redenoticia.com.br\/noticia\/wp-json\/wp\/v2\/media?parent=77236"}],"wp:term":[{"taxonomy":"category","embeddable":true,"href":"https:\/\/www.redenoticia.com.br\/noticia\/wp-json\/wp\/v2\/categories?post=77236"},{"taxonomy":"post_tag","embeddable":true,"href":"https:\/\/www.redenoticia.com.br\/noticia\/wp-json\/wp\/v2\/tags?post=77236"}],"curies":[{"name":"wp","href":"https:\/\/api.w.org\/{rel}","templated":true}]}}