{"id":77234,"date":"2015-11-06T17:27:41","date_gmt":"2015-11-06T19:27:41","guid":{"rendered":"http:\/\/www.redenoticia.com.br\/noticia\/?p=77234"},"modified":"2015-11-06T17:30:10","modified_gmt":"2015-11-06T19:30:10","slug":"custo-da-construcao-acumula-alta-de-603-em-12-meses","status":"publish","type":"post","link":"https:\/\/www.redenoticia.com.br\/noticia\/2015\/custo-da-construcao-acumula-alta-de-603-em-12-meses\/77234","title":{"rendered":"Custo da constru\u00e7\u00e3o acumula alta de 6,03% em 12 meses"},"content":{"rendered":"<p> O <strong><em>custo da constru\u00e7\u00e3o<\/em><\/strong> cresceu 6,03% em 12 meses, chegando ao valor de R$ 960,17 por metro quadrado, em outubro deste ano, segundo dados do \u00cdndice Nacional da Constru\u00e7\u00e3o Civil (Sinapi), divulgados hoje (6) pelo Instituto Brasileiro de Geografia e Estat\u00edstica (IBGE). Apenas em outubro, a alta de pre\u00e7os chegou a 0,27%.<\/p>\n<p>Em outubro, a infla\u00e7\u00e3o da constru\u00e7\u00e3o foi influenciada principalmente pela m\u00e3o de obra, que ficou 0,37% mais cara no m\u00eas, passando a custar R$ 446,76 por metro quadrado. J\u00e1 os materiais de constru\u00e7\u00e3o tiveram aumento de pre\u00e7os de 0,18%, chegando a um custo de R$ 513,41 por metro quadrado.<\/p>\n<p>Entre os estados, as maiores altas do custo da constru\u00e7\u00e3o foram observadas no Par\u00e1 (4,87%) e em Roraima (1,83%). Nove estados tiveram defla\u00e7\u00e3o (queda de pre\u00e7os), com destaque para Minas Gerais (-0,3%) e Mato Grosso do Sul (-0,21%).<\/p>\n<p> Vitor Abdala \u2013 Rep\u00f3rter da Ag\u00eancia Brasil<br \/>\nEdi\u00e7\u00e3o: Jos\u00e9 Romildo de Oliveira Lima<br \/>\n06\/11\/2015<br \/>\n&#8212;<\/p>\n<p>A Empresa Brasil de Comunica\u00e7\u00e3o \u00e9 uma institui\u00e7\u00e3o da democracia brasileira: p\u00fablica, inclusiva e cidad\u00e3.  Criada em 2007 para fortalecer o sistema p\u00fablico de comunica\u00e7\u00e3o, \u00e9 gestora dos canais TV Brasil, TV Brasil Internacional, Ag\u00eancia Brasil, Radioag\u00eancia Nacional e do sistema p\u00fablico de R\u00e1dio \u2013 composto por oito emissoras. Estes, por sua independ\u00eancia editorial, distinguem-se dos canais estatais ou governamentais, com conte\u00fados diferenciados e complementares aos canais privados. Os ve\u00edculos da EBC t\u00eam autonomia para definir produ\u00e7\u00e3o, programa\u00e7\u00e3o e distribui\u00e7\u00e3o de conte\u00fados.<\/p>\n","protected":false},"excerpt":{"rendered":"<p>O custo da constru\u00e7\u00e3o cresceu 6,03% em 12 meses, chegando ao valor de R$ 960,17 por metro quadrado, em outubro deste ano, segundo dados do \u00cdndice Nacional da Constru\u00e7\u00e3o Civil (Sinapi), divulgados hoje (6) pelo Instituto Brasileiro de Geografia e Estat\u00edstica (IBGE). Apenas em outubro, a alta de pre\u00e7os chegou a 0,27%. Em outubro, a [&hellip;]<\/p>\n","protected":false},"author":2,"featured_media":57585,"comment_status":"open","ping_status":"closed","sticky":false,"template":"","format":"standard","meta":{"_genesis_hide_title":false,"_genesis_hide_breadcrumbs":false,"_genesis_hide_singular_image":false,"_genesis_hide_footer_widgets":false,"_genesis_custom_body_class":"","_genesis_custom_post_class":"","_genesis_layout":"","_jetpack_memberships_contains_paid_content":false,"footnotes":""},"categories":[22,7],"tags":[],"class_list":{"0":"post-77234","1":"post","2":"type-post","3":"status-publish","4":"format-standard","5":"has-post-thumbnail","7":"category-brasil","8":"category-economia","9":"entry","10":"gs-1","11":"gs-odd","12":"gs-even","13":"gs-featured-content-entry"},"jetpack_featured_media_url":"https:\/\/www.redenoticia.com.br\/noticia\/imagens\/analise-economia.jpg","jetpack_sharing_enabled":true,"jetpack_likes_enabled":true,"_links":{"self":[{"href":"https:\/\/www.redenoticia.com.br\/noticia\/wp-json\/wp\/v2\/posts\/77234","targetHints":{"allow":["GET"]}}],"collection":[{"href":"https:\/\/www.redenoticia.com.br\/noticia\/wp-json\/wp\/v2\/posts"}],"about":[{"href":"https:\/\/www.redenoticia.com.br\/noticia\/wp-json\/wp\/v2\/types\/post"}],"author":[{"embeddable":true,"href":"https:\/\/www.redenoticia.com.br\/noticia\/wp-json\/wp\/v2\/users\/2"}],"replies":[{"embeddable":true,"href":"https:\/\/www.redenoticia.com.br\/noticia\/wp-json\/wp\/v2\/comments?post=77234"}],"version-history":[{"count":0,"href":"https:\/\/www.redenoticia.com.br\/noticia\/wp-json\/wp\/v2\/posts\/77234\/revisions"}],"wp:featuredmedia":[{"embeddable":true,"href":"https:\/\/www.redenoticia.com.br\/noticia\/wp-json\/wp\/v2\/media\/57585"}],"wp:attachment":[{"href":"https:\/\/www.redenoticia.com.br\/noticia\/wp-json\/wp\/v2\/media?parent=77234"}],"wp:term":[{"taxonomy":"category","embeddable":true,"href":"https:\/\/www.redenoticia.com.br\/noticia\/wp-json\/wp\/v2\/categories?post=77234"},{"taxonomy":"post_tag","embeddable":true,"href":"https:\/\/www.redenoticia.com.br\/noticia\/wp-json\/wp\/v2\/tags?post=77234"}],"curies":[{"name":"wp","href":"https:\/\/api.w.org\/{rel}","templated":true}]}}