{"id":77230,"date":"2015-11-06T17:23:15","date_gmt":"2015-11-06T19:23:15","guid":{"rendered":"http:\/\/www.redenoticia.com.br\/noticia\/?p=77230"},"modified":"2015-11-06T17:23:15","modified_gmt":"2015-11-06T19:23:15","slug":"inflacao-oficial-acumula-taxa-de-993-em-12-meses-diz-ibge","status":"publish","type":"post","link":"https:\/\/www.redenoticia.com.br\/noticia\/2015\/inflacao-oficial-acumula-taxa-de-993-em-12-meses-diz-ibge\/77230","title":{"rendered":"Infla\u00e7\u00e3o oficial acumula taxa de 9,93% em 12 meses, diz IBGE"},"content":{"rendered":"<p> A <strong><em>infla\u00e7\u00e3o oficial<\/em><\/strong>, medida pelo \u00cdndice Nacional de Pre\u00e7os ao Consumidor Amplo (IPCA), acumulou, em outubro deste ano, taxa de 9,93% em 12 meses, informou o Instituto Brasileiro de Geografia e Estat\u00edstica (IBGE). A taxa \u00e9 superior ao teto da meta da infla\u00e7\u00e3o do governo federal, que \u00e9 6,5%, e tamb\u00e9m \u00e9 a mais alta desde novembro de 2003 (11,02%).<\/p>\n<p>O IPCA ficou em 0,82% em outubro deste ano, taxa mais elevada para o m\u00eas desde 2002, quando no mesmo m\u00eas a infla\u00e7\u00e3o alcan\u00e7ou 1,31%. O IPCA \u00e9 superior aos \u00edndices observados em setembro deste ano (0,54%) e em outubro de 2014 (0,42%).<\/p>\n<p> No ano, a taxa acumulada chega a 8,52%, taxa mais elevada desde 1996. Naquele per\u00edodo, o IPCA acumulou alta de pre\u00e7os de 8,7% entre janeiro e outubro.<\/p>\n<p>A infla\u00e7\u00e3o de outubro deste ano foi influenciada principalmente pelos transportes, que tiveram alta de pre\u00e7os de 1,72% no m\u00eas. Os principais respons\u00e1veis por esse aumento do custo com transportes foram os combust\u00edveis, que ficaram 6,09% mais caros.<\/p>\n<p>Os alimentos tamb\u00e9m tiveram um impacto importante na eleva\u00e7\u00e3o do custo de vida em outubro, j\u00e1 que tiveram uma infla\u00e7\u00e3o de 0,77% no per\u00edodo.<\/p>\n<p> Edi\u00e7\u00e3o: Jos\u00e9 Romildo<br \/>\n Vitor Abdala \u2013 Rep\u00f3rter da Ag\u00eancia Brasil<br \/>\n06\/11\/2015<\/p>\n","protected":false},"excerpt":{"rendered":"<p>A infla\u00e7\u00e3o oficial, medida pelo \u00cdndice Nacional de Pre\u00e7os ao Consumidor Amplo (IPCA), acumulou, em outubro deste ano, taxa de 9,93% em 12 meses, informou o Instituto Brasileiro de Geografia e Estat\u00edstica (IBGE). A taxa \u00e9 superior ao teto da meta da infla\u00e7\u00e3o do governo federal, que \u00e9 6,5%, e tamb\u00e9m \u00e9 a mais alta [&hellip;]<\/p>\n","protected":false},"author":2,"featured_media":34916,"comment_status":"open","ping_status":"closed","sticky":false,"template":"","format":"standard","meta":{"_genesis_hide_title":false,"_genesis_hide_breadcrumbs":false,"_genesis_hide_singular_image":false,"_genesis_hide_footer_widgets":false,"_genesis_custom_body_class":"","_genesis_custom_post_class":"","_genesis_layout":"","_jetpack_memberships_contains_paid_content":false,"footnotes":""},"categories":[22,7],"tags":[],"class_list":{"0":"post-77230","1":"post","2":"type-post","3":"status-publish","4":"format-standard","5":"has-post-thumbnail","7":"category-brasil","8":"category-economia","9":"entry","10":"gs-1","11":"gs-odd","12":"gs-even","13":"gs-featured-content-entry"},"jetpack_featured_media_url":"https:\/\/www.redenoticia.com.br\/noticia\/imagens\/inflacao.jpg","jetpack_sharing_enabled":true,"jetpack_likes_enabled":true,"_links":{"self":[{"href":"https:\/\/www.redenoticia.com.br\/noticia\/wp-json\/wp\/v2\/posts\/77230","targetHints":{"allow":["GET"]}}],"collection":[{"href":"https:\/\/www.redenoticia.com.br\/noticia\/wp-json\/wp\/v2\/posts"}],"about":[{"href":"https:\/\/www.redenoticia.com.br\/noticia\/wp-json\/wp\/v2\/types\/post"}],"author":[{"embeddable":true,"href":"https:\/\/www.redenoticia.com.br\/noticia\/wp-json\/wp\/v2\/users\/2"}],"replies":[{"embeddable":true,"href":"https:\/\/www.redenoticia.com.br\/noticia\/wp-json\/wp\/v2\/comments?post=77230"}],"version-history":[{"count":0,"href":"https:\/\/www.redenoticia.com.br\/noticia\/wp-json\/wp\/v2\/posts\/77230\/revisions"}],"wp:featuredmedia":[{"embeddable":true,"href":"https:\/\/www.redenoticia.com.br\/noticia\/wp-json\/wp\/v2\/media\/34916"}],"wp:attachment":[{"href":"https:\/\/www.redenoticia.com.br\/noticia\/wp-json\/wp\/v2\/media?parent=77230"}],"wp:term":[{"taxonomy":"category","embeddable":true,"href":"https:\/\/www.redenoticia.com.br\/noticia\/wp-json\/wp\/v2\/categories?post=77230"},{"taxonomy":"post_tag","embeddable":true,"href":"https:\/\/www.redenoticia.com.br\/noticia\/wp-json\/wp\/v2\/tags?post=77230"}],"curies":[{"name":"wp","href":"https:\/\/api.w.org\/{rel}","templated":true}]}}